{"id":120277,"date":"2024-09-18T15:44:04","date_gmt":"2024-09-18T18:44:04","guid":{"rendered":"https:\/\/www.actualidadadiario.com\/?p=120277"},"modified":"2024-09-18T15:44:04","modified_gmt":"2024-09-18T18:44:04","slug":"el-bloque-radical-resolvio-no-expulsar-a-nadie-pero-esta-virtualmente-roto","status":"publish","type":"post","link":"https:\/\/www.actualidadadiario.com\/index.php\/2024\/09\/18\/el-bloque-radical-resolvio-no-expulsar-a-nadie-pero-esta-virtualmente-roto\/","title":{"rendered":"El bloque radical resolvi\u00f3 no expulsar a nadie, pero est\u00e1 virtualmente roto"},"content":{"rendered":"<p style=\"text-align: center;\"><em><strong>En un tenso encuentro celebrado este martes, los diputados de la UCR exteriorizaron y profundizaron sus diferencias internas. C\u00f3mo siguen<\/strong><\/em><\/p>\n<p>&nbsp;<\/p>\n<p>&nbsp;<\/p>\n<p>Luego de una jornada en la que el bloque radical de la C\u00e1mara baja entr\u00f3 en ebullici\u00f3n, producto de la decisi\u00f3n de la Convenci\u00f3n Radical de suspender a cuatro diputados por haber votado a favor del veto a la Ley de Movilidad Previsional, los diputados realizaron este martes por la tarde una reuni\u00f3n para tratar de ordenar la situaci\u00f3n. Los resultados no fueron los esperados, aunque no hubo resoluciones dr\u00e1sticas: ni expulsiones, ni unidad. M\u00e1s bien, en esta \u00faltima alternativa, fue todo lo contrario.<\/p>\n<p>La jornada estuvo caliente desde temprano, cuando el presidente del bloque, Rodrigo de Loredo, dijo no compartir \u201cen lo m\u00e1s m\u00ednimo\u201d la decisi\u00f3n tomada por la Convenci\u00f3n Radical, que a su juicio \u201cno se corresponde con lo que representa el radicalismo, que es ante todo el partido de las instituciones\u201d. En ese marco, se manifest\u00f3 contrario a sancionar a una persona por el contenido de sus opiniones pol\u00edticas, que pueden ser \u201csumamente reprochables, pero nunca sancionables\u201d.<\/p>\n<p>Fue lo que por la tarde, durante la reuni\u00f3n del bloque, mantuvo firmemente: de momento no habr\u00e1 expulsiones. As\u00ed las cosas, Mariano Campero, Mart\u00edn Arjol, Pablo Cervi y Luis Picat, los suspendidos por la Convenci\u00f3n que preside Gast\u00f3n Manes, siguen en la bancada rojiblanca. Los tres primeros estuvieron en la reuni\u00f3n del bloque de este martes. El cuarto, no pudo asistir debido a un problema familiar, en tanto que Federico Tournier, no fue convocado porque no es radical, sino un dirigente liberal que se sum\u00f3 al bloque UCR a pedido del gobernador correntino.<\/p>\n<p>Los cinco manifestaron su intenci\u00f3n de mantenerse en el bloque radical. Y un gesto en ese sentido fue que Campero, Arjol y Cervi no concurrieron al asado convocado por Javier Milei para agasajarlos por su voto, que impidi\u00f3 que la Ley de Movilidad prosperara.<\/p>\n<p>A trav\u00e9s de\u00a0 un comunicado, el bloque de la UCR inform\u00f3 que durante la reuni\u00f3n se decidi\u00f3 \u201cpor amplia mayor\u00eda continuar trabajando con su integraci\u00f3n actual, sin excluir a nadie por su manera de pensar, m\u00e1s all\u00e1 de decisiones externas a este cuerpo que pretenden traspasar su \u00e1mbito de competencia\u201d.<\/p>\n<p>\u201cBuscaremos siempre los acuerdos y consensos internos, tomando decisiones por mayor\u00edas, una regla b\u00e1sica de la democracia, dentro del marco de las diversidades de opiniones que existen en el partido y por lo tanto tambi\u00e9n en nuestro bloque\u201d, expres\u00f3 el bloque radical a trav\u00e9s de\u00a0 un comunicado.<\/p>\n<p>A su vez, la bancada que conduce Rodrigo de Loredo sostuvo que \u201ctodas las diferentes posiciones y opiniones, por m\u00e1s minoritarias que sean dentro del bloque, son respetadas y tenidas en cuenta pero, como en cualquier cuerpo colegiado, deben primar las decisiones del colectivo mayoritario, sin excluir a quien piense de una manera distinta\u201d, y cerraron: \u201cLa Uni\u00f3n C\u00edvica Radical enfrenta hoy diversas realidades, en muchos casos con responsabilidad de gestionar gobernaciones y municipios. En este marco, aspiramos a seguir representando a millones de argentinos que nos votaron y que esperan de nosotros una actitud responsable y madura para enfrentar los enormes desaf\u00edos que hoy tiene nuestro pa\u00eds\u201d.<\/p>\n<p>Seg\u00fan pudo saber parlamentario.com, los diputados alineados con Facundo Manes fueron los m\u00e1s beligerantes durante esta reuni\u00f3n. Y tras el encuentro, afirmaron que \u201cel bloque, en la pr\u00e1ctica, est\u00e1 quebrado\u201d. Criticaron que no se expulsara a los diputados sancionados por la Convenci\u00f3n, a quienes consideran \u201ctopos de La Libertad Avanza dentro de la UCR\u201d.<\/p>\n<p>Con todo, el sector del neurocient\u00edfico no se va a ir del bloque, seg\u00fan aseguraron a este medio miembros del mismo. Se quedar\u00e1n, sostienen, para defender las banderas y la identidad del radicalismo. \u201cNo queremos que le regalen el partido y el bloque a Milei\u201d, lanzaron desde ese sector.<\/p>\n<p>Hipercr\u00edticos con la conducci\u00f3n del bloque, sostienen que ni Rodrigo de Loredo ni Karina Banfi, presidente y vice de esa bancada, pueden seguir siendo las autoridades principales, porque \u201cadem\u00e1s de no conducir en la pr\u00e1ctica, desoyen las decisiones del partido nacional\u201d.<\/p>\n<p>Seg\u00fan trascendi\u00f3, el titular del bloque quiso establecer como condici\u00f3n que cada ley que vaya a ser tratada en el recinto, primero se vote en el seno de la bancada. Y acatar luego lo que resulte en esa votaci\u00f3n interna. Sin embargo esa propuesta no fue aceptada por los diputados de Manes, ni los que responden a Mart\u00edn Lousteau. Tampoco habr\u00edan estado de acuerdo los neutrales. Hubo una votaci\u00f3n en la que se rechaz\u00f3 esa propuesta, aunque los de Manes aclararon que para ese momento no hab\u00eda qu\u00f3rum para hacerlo.<\/p>\n<p>A la salida del encuentro, el diputado Fernando Carbajal, quien ya hab\u00eda manifestado que los diputados suspendidos no deb\u00edan participar de la reuni\u00f3n, public\u00f3 en sus redes que all\u00ed \u201cqued\u00f3 evidente la falta de conducci\u00f3n. Cinco diputados se hicieron oficialistas, pero el presidente del bloque los dej\u00f3 participar. Es imposible. No les entregaremos la UCR a Milei ni sus ac\u00f3litos\u201d.<\/p>\n<p>Asimismo el formose\u00f1o desminti\u00f3 la informaci\u00f3n contenida en el comunicado del bloque, que seg\u00fan \u00e9l \u201cno expresa lo sucedido en la reuni\u00f3n. No hubo votaci\u00f3n y menos a\u00fan una decisi\u00f3n mayoritaria de nada. Entre 4 o 5 no pueden imponer sumisi\u00f3n al oficialismo\u201d.<\/p>\n","protected":false},"excerpt":{"rendered":"<p>En un tenso encuentro celebrado este martes, los diputados de la UCR exteriorizaron y profundizaron sus diferencias internas. C\u00f3mo siguen &nbsp; &nbsp; Luego de una jornada en la que el bloque radical de la C\u00e1mara baja entr\u00f3 en ebullici\u00f3n, producto de la decisi\u00f3n de la Convenci\u00f3n Radical de suspender a cuatro diputados por haber votado a favor del veto a la Ley de Movilidad Previsional, los diputados realizaron este martes por la tarde una reuni\u00f3n para tratar de ordenar la situaci\u00f3n. Los resultados no fueron los esperados, aunque no hubo&#8230;<\/p>\n","protected":false},"author":3,"featured_media":120278,"comment_status":"closed","ping_status":"closed","sticky":false,"template":"","format":"standard","meta":[],"categories":[18],"tags":[],"_links":{"self":[{"href":"https:\/\/www.actualidadadiario.com\/index.php\/wp-json\/wp\/v2\/posts\/120277"}],"collection":[{"href":"https:\/\/www.actualidadadiario.com\/index.php\/wp-json\/wp\/v2\/posts"}],"about":[{"href":"https:\/\/www.actualidadadiario.com\/index.php\/wp-json\/wp\/v2\/types\/post"}],"author":[{"embeddable":true,"href":"https:\/\/www.actualidadadiario.com\/index.php\/wp-json\/wp\/v2\/users\/3"}],"replies":[{"embeddable":true,"href":"https:\/\/www.actualidadadiario.com\/index.php\/wp-json\/wp\/v2\/comments?post=120277"}],"version-history":[{"count":1,"href":"https:\/\/www.actualidadadiario.com\/index.php\/wp-json\/wp\/v2\/posts\/120277\/revisions"}],"predecessor-version":[{"id":120279,"href":"https:\/\/www.actualidadadiario.com\/index.php\/wp-json\/wp\/v2\/posts\/120277\/revisions\/120279"}],"wp:featuredmedia":[{"embeddable":true,"href":"https:\/\/www.actualidadadiario.com\/index.php\/wp-json\/wp\/v2\/media\/120278"}],"wp:attachment":[{"href":"https:\/\/www.actualidadadiario.com\/index.php\/wp-json\/wp\/v2\/media?parent=120277"}],"wp:term":[{"taxonomy":"category","embeddable":true,"href":"https:\/\/www.actualidadadiario.com\/index.php\/wp-json\/wp\/v2\/categories?post=120277"},{"taxonomy":"post_tag","embeddable":true,"href":"https:\/\/www.actualidadadiario.com\/index.php\/wp-json\/wp\/v2\/tags?post=120277"}],"curies":[{"name":"wp","href":"https:\/\/api.w.org\/{rel}","templated":true}]}}