{"id":120270,"date":"2024-09-18T12:35:23","date_gmt":"2024-09-18T15:35:23","guid":{"rendered":"https:\/\/www.actualidadadiario.com\/?p=120270"},"modified":"2024-09-18T12:35:23","modified_gmt":"2024-09-18T15:35:23","slug":"indumentaria-en-crisis-72-de-las-empresas-reportaron-caida-de-ventas-y-crecen-los-despidos-y-suspensiones","status":"publish","type":"post","link":"https:\/\/www.actualidadadiario.com\/index.php\/2024\/09\/18\/indumentaria-en-crisis-72-de-las-empresas-reportaron-caida-de-ventas-y-crecen-los-despidos-y-suspensiones\/","title":{"rendered":"Indumentaria en crisis: 72% de las empresas reportaron ca\u00edda de ventas y crecen los despidos y suspensiones"},"content":{"rendered":"<p style=\"text-align: center;\"><em><strong>Seg\u00fan empresas del sector textil encuestadas por la C\u00e1mara Industrial de la Indumentaria, a nivel nacional tuvieron una ca\u00edda de ventas superior al 11%. Cu\u00e1les son los problemas que enfrentan en un contexto de recesi\u00f3n<\/strong><\/em><\/p>\n<p>&nbsp;<\/p>\n<p>&nbsp;<\/p>\n<p>Durante el cuarto trimestre del a\u00f1o, el 72% de las empresas del sector textil report\u00f3 ca\u00edda en sus ventas. A nivel nacional, la disminuci\u00f3n interanual fue del 11%. Las ca\u00eddas reportadas volvieron a pronunciarse respecto al bimestre anterior, no obstante, muestran una desaceleraci\u00f3n respecto a los primeros bimestres del a\u00f1o.<\/p>\n<p>El dato forma parte de una encuesta elaborado por la CIAI (C\u00e1mara Industrial Argentina de la Indumentaria) a 68 empresas. Los datos principales:<\/p>\n<ol>\n<li>La cantidad de empresas que no lograron reflejar el costo salarial derivado de la paritaria en los precios finales disminuy\u00f3 en un 40%. S\u00f3lo el 7% de las empresas encuestadas contest\u00f3 haber podido trasladar al precio final de sus productos el cien por cien del costo salarial asociado a las paritarias.<\/li>\n<li>La indumentaria se sigue abaratando respecto al resto de los componentes del IPC tanto a nivel Nacional como en la Ciudad de Buenos Aires. A nivel nacional, las prendas de vestir y calzado subieron un 166,7% interanual, mientras que el nivel general subi\u00f3 un 236,7%. En lo que va del a\u00f1o prendas de vestir y calzado tuvo un incremento del 61% mientras que el nivel general subi\u00f3 un 95%. En tanto, en la Ciudad de Buenos Aires, las prendas de vestir subieron un 58,2% durante los primeros 8 meses del a\u00f1o, mientras que el nivel general lo hizo en un 106,8%. Esta misma tendencia se ve interanualmente, con un crecimiento de las prendas en un 149% y el nivel general en un 243%.<\/li>\n<li>El 41% de los encuestados reporta una reducci\u00f3n en su dotaci\u00f3n del personal, ya sea por reducci\u00f3n de dotaci\u00f3n por jubilaciones y\/o renuncias no reemplazadas o despidos. Suben las suspensiones y los despidos durante el \u00faltimo bimestre en comparaci\u00f3n al bimestre anterior. Por otra parte, la reducci\u00f3n de horas extras no deja de bajar desde el primer bimestre del 2024.<\/li>\n<li>El 37% de las empresas encuestadas est\u00e1 evaluando la posibilidad de suspender o despedir empleados durante el resto de 2024.<\/li>\n<li>Del total de empresas que producen, un 29% produce externamente (a trav\u00e9s de talleres de terceros), un 28% produce internamente (con sus propias instalaciones) y el 43% restante utiliza una combinaci\u00f3n de producci\u00f3n interna y externa.<\/li>\n<\/ol>\n<p>&nbsp;<\/p>\n<p><strong>Rubro indumentaria: expectativas para el cierre de a\u00f1o<\/strong><\/p>\n<p>En lo que respecta a las expectativas para lo que resta de 2024:<\/p>\n<ul>\n<li>un 51% prev\u00e9 un a\u00f1o regular<\/li>\n<li>un 24% mantiene expectativas positivas<\/li>\n<li>un 19% prev\u00e9 un panorama negativo y<\/li>\n<li>un 4% espera un escenario muy desfavorable.<\/li>\n<\/ul>\n<p>Solamente el 1% de los encuestados manifest\u00f3 expectativas muy positivas para el cierre del a\u00f1o.<\/p>\n","protected":false},"excerpt":{"rendered":"<p>Seg\u00fan empresas del sector textil encuestadas por la C\u00e1mara Industrial de la Indumentaria, a nivel nacional tuvieron una ca\u00edda de ventas superior al 11%. Cu\u00e1les son los problemas que enfrentan en un contexto de recesi\u00f3n &nbsp; &nbsp; Durante el cuarto trimestre del a\u00f1o, el 72% de las empresas del sector textil report\u00f3 ca\u00edda en sus ventas. A nivel nacional, la disminuci\u00f3n interanual fue del 11%. Las ca\u00eddas reportadas volvieron a pronunciarse respecto al bimestre anterior, no obstante, muestran una desaceleraci\u00f3n respecto a los primeros bimestres del a\u00f1o. El dato forma&#8230;<\/p>\n","protected":false},"author":3,"featured_media":119881,"comment_status":"closed","ping_status":"closed","sticky":false,"template":"","format":"standard","meta":[],"categories":[2],"tags":[],"_links":{"self":[{"href":"https:\/\/www.actualidadadiario.com\/index.php\/wp-json\/wp\/v2\/posts\/120270"}],"collection":[{"href":"https:\/\/www.actualidadadiario.com\/index.php\/wp-json\/wp\/v2\/posts"}],"about":[{"href":"https:\/\/www.actualidadadiario.com\/index.php\/wp-json\/wp\/v2\/types\/post"}],"author":[{"embeddable":true,"href":"https:\/\/www.actualidadadiario.com\/index.php\/wp-json\/wp\/v2\/users\/3"}],"replies":[{"embeddable":true,"href":"https:\/\/www.actualidadadiario.com\/index.php\/wp-json\/wp\/v2\/comments?post=120270"}],"version-history":[{"count":1,"href":"https:\/\/www.actualidadadiario.com\/index.php\/wp-json\/wp\/v2\/posts\/120270\/revisions"}],"predecessor-version":[{"id":120271,"href":"https:\/\/www.actualidadadiario.com\/index.php\/wp-json\/wp\/v2\/posts\/120270\/revisions\/120271"}],"wp:featuredmedia":[{"embeddable":true,"href":"https:\/\/www.actualidadadiario.com\/index.php\/wp-json\/wp\/v2\/media\/119881"}],"wp:attachment":[{"href":"https:\/\/www.actualidadadiario.com\/index.php\/wp-json\/wp\/v2\/media?parent=120270"}],"wp:term":[{"taxonomy":"category","embeddable":true,"href":"https:\/\/www.actualidadadiario.com\/index.php\/wp-json\/wp\/v2\/categories?post=120270"},{"taxonomy":"post_tag","embeddable":true,"href":"https:\/\/www.actualidadadiario.com\/index.php\/wp-json\/wp\/v2\/tags?post=120270"}],"curies":[{"name":"wp","href":"https:\/\/api.w.org\/{rel}","templated":true}]}}