{"id":120268,"date":"2024-09-18T12:34:40","date_gmt":"2024-09-18T15:34:40","guid":{"rendered":"https:\/\/www.actualidadadiario.com\/?p=120268"},"modified":"2024-09-18T12:34:40","modified_gmt":"2024-09-18T15:34:40","slug":"becas-progresar-el-gobierno-oficializo-el-aumento-y-activo-la-inscripcion","status":"publish","type":"post","link":"https:\/\/www.actualidadadiario.com\/index.php\/2024\/09\/18\/becas-progresar-el-gobierno-oficializo-el-aumento-y-activo-la-inscripcion\/","title":{"rendered":"Becas Progresar: el Gobierno oficializ\u00f3 el aumento y activ\u00f3 la inscripci\u00f3n"},"content":{"rendered":"<p style=\"text-align: center;\"><em><strong>La suba del monto de las Becas Progresar fue publicada hoy en el Bolet\u00edn Oficial<\/strong><\/em><\/p>\n<p>&nbsp;<\/p>\n<p>&nbsp;<\/p>\n<p>El Ministerio de Capital Humano implement\u00f3 modificaciones en el Programa de Respaldo a Estudiantes Argentinos (Progresar), con el objetivo de fortalecer las trayectorias educativas de j\u00f3venes en diferentes niveles de educaci\u00f3n. Si no cobraste el monto total de la Beca Progresar en septiembre, mir\u00e1 c\u00f3mo reclamar.<\/p>\n<p>Las nuevas disposiciones fueron oficializadas mediante una resoluci\u00f3n reciente y establecen un aumento en el monto mensual de las becas y la reapertura de inscripciones.<\/p>\n<p>&nbsp;<\/p>\n<p><strong>Modificaciones y aumento en el monto de las Becas Progresar<\/strong><\/p>\n<p>Se aprob\u00f3 un aumento del monto mensual para las diferentes l\u00edneas del programa. A partir de septiembre de 2024, el monto de las becas para &#8220;Finalizaci\u00f3n de la educaci\u00f3n obligatoria&#8221;, &#8220;Fomento de la educaci\u00f3n superior&#8221;, &#8220;Progresar Enfermer\u00eda&#8221; y &#8220;Progresar Trabajo&#8221; ser\u00e1 de $35.000.<\/p>\n<p>&nbsp;<\/p>\n<p><strong>Nuevo llamado a inscripci\u00f3n<\/strong><\/p>\n<p>El Ministerio de Capital Humano ha convocado a la segunda inscripci\u00f3n del Programa Progresar, que se llevar\u00e1 a cabo entre el 5 y el 30 de septiembre de 2024. Las l\u00edneas de becas disponibles en esta convocatoria son:<\/p>\n<ul>\n<li><strong>Finalizaci\u00f3n de la educaci\u00f3n obligatoria:<\/strong> Dirigida a estudiantes que desean culminar su educaci\u00f3n primaria o secundaria.<\/li>\n<li><strong>Fomento de la educaci\u00f3n superior:<\/strong> Orientada a quienes buscan continuar sus estudios en universidades e instituciones terciarias.<\/li>\n<li><strong>Progresar Enfermer\u00eda:<\/strong> Exclusiva para estudiantes de la carrera de Enfermer\u00eda.<\/li>\n<\/ul>\n<p>&nbsp;<\/p>\n<p><strong>C\u00f3mo inscribirse en las Becas Progresar<\/strong><\/p>\n<p>Para inscribirse, los interesados deben seguir estos pasos:<\/p>\n<ul>\n<li>Acceder al portal oficial: Ingresar al sitio web oficial de las Becas Progresar.<\/li>\n<li>Completar el formulario: Llenar el formulario de inscripci\u00f3n correspondiente a la l\u00ednea de beca seleccionada.<\/li>\n<li>Adjuntar la documentaci\u00f3n: Presentar la documentaci\u00f3n requerida, como constancia de inscripci\u00f3n en una instituci\u00f3n educativa y certificaci\u00f3n de ingresos del grupo familiar.<\/li>\n<li>Enviar la solicitud: Una vez completados los pasos anteriores, enviar la solicitud para su evaluaci\u00f3n.<\/li>\n<\/ul>\n<p>&nbsp;<\/p>\n<p><strong>Requisitos para acceder a las Becas Progresar<\/strong><\/p>\n<ul>\n<li><strong>Finalizaci\u00f3n de la educaci\u00f3n obligatoria:<\/strong> estudiantes entre 16 y 24 a\u00f1os que deseen completar sus estudios primarios o secundarios.<\/li>\n<li><strong>Fomento de la educaci\u00f3n superior:<\/strong> estudiantes de nivel terciario o universitario, de entre 18 y 30 a\u00f1os, que cursen carreras estrat\u00e9gicas.<\/li>\n<li><strong>Progresar Enfermer\u00eda:<\/strong> estudiantes de Enfermer\u00eda, de entre 18 y 40 a\u00f1os, que est\u00e9n cursando en una instituci\u00f3n educativa reconocida.<\/li>\n<\/ul>\n","protected":false},"excerpt":{"rendered":"<p>La suba del monto de las Becas Progresar fue publicada hoy en el Bolet\u00edn Oficial &nbsp; &nbsp; El Ministerio de Capital Humano implement\u00f3 modificaciones en el Programa de Respaldo a Estudiantes Argentinos (Progresar), con el objetivo de fortalecer las trayectorias educativas de j\u00f3venes en diferentes niveles de educaci\u00f3n. Si no cobraste el monto total de la Beca Progresar en septiembre, mir\u00e1 c\u00f3mo reclamar. Las nuevas disposiciones fueron oficializadas mediante una resoluci\u00f3n reciente y establecen un aumento en el monto mensual de las becas y la reapertura de inscripciones. &nbsp; Modificaciones&#8230;<\/p>\n","protected":false},"author":3,"featured_media":87833,"comment_status":"closed","ping_status":"closed","sticky":false,"template":"","format":"standard","meta":[],"categories":[2],"tags":[],"_links":{"self":[{"href":"https:\/\/www.actualidadadiario.com\/index.php\/wp-json\/wp\/v2\/posts\/120268"}],"collection":[{"href":"https:\/\/www.actualidadadiario.com\/index.php\/wp-json\/wp\/v2\/posts"}],"about":[{"href":"https:\/\/www.actualidadadiario.com\/index.php\/wp-json\/wp\/v2\/types\/post"}],"author":[{"embeddable":true,"href":"https:\/\/www.actualidadadiario.com\/index.php\/wp-json\/wp\/v2\/users\/3"}],"replies":[{"embeddable":true,"href":"https:\/\/www.actualidadadiario.com\/index.php\/wp-json\/wp\/v2\/comments?post=120268"}],"version-history":[{"count":1,"href":"https:\/\/www.actualidadadiario.com\/index.php\/wp-json\/wp\/v2\/posts\/120268\/revisions"}],"predecessor-version":[{"id":120269,"href":"https:\/\/www.actualidadadiario.com\/index.php\/wp-json\/wp\/v2\/posts\/120268\/revisions\/120269"}],"wp:featuredmedia":[{"embeddable":true,"href":"https:\/\/www.actualidadadiario.com\/index.php\/wp-json\/wp\/v2\/media\/87833"}],"wp:attachment":[{"href":"https:\/\/www.actualidadadiario.com\/index.php\/wp-json\/wp\/v2\/media?parent=120268"}],"wp:term":[{"taxonomy":"category","embeddable":true,"href":"https:\/\/www.actualidadadiario.com\/index.php\/wp-json\/wp\/v2\/categories?post=120268"},{"taxonomy":"post_tag","embeddable":true,"href":"https:\/\/www.actualidadadiario.com\/index.php\/wp-json\/wp\/v2\/tags?post=120268"}],"curies":[{"name":"wp","href":"https:\/\/api.w.org\/{rel}","templated":true}]}}