{"id":120262,"date":"2024-09-18T12:32:35","date_gmt":"2024-09-18T15:32:35","guid":{"rendered":"https:\/\/www.actualidadadiario.com\/?p=120262"},"modified":"2024-09-18T12:32:35","modified_gmt":"2024-09-18T15:32:35","slug":"incendios-en-cordoba-detuvieron-a-tres-hombres-por-haber-provocado-el-fuego","status":"publish","type":"post","link":"https:\/\/www.actualidadadiario.com\/index.php\/2024\/09\/18\/incendios-en-cordoba-detuvieron-a-tres-hombres-por-haber-provocado-el-fuego\/","title":{"rendered":"Incendios en C\u00f3rdoba: detuvieron a tres hombres por haber provocado el fuego"},"content":{"rendered":"<p style=\"text-align: center;\"><em><strong>Los implicados de 25, 29 y 30 a\u00f1os habr\u00edan iniciado el siniestro en un lote de una estancia de la zona<\/strong><\/em><\/p>\n<p>&nbsp;<\/p>\n<p>&nbsp;<\/p>\n<p>Mientras los incendios forestales contin\u00faan azotando distintos puntos de la provincia de C\u00f3rdoba, detuvieron a tres hombres acusados de provocar el fuego en la localidad de Conlara de la departamental de San Javier.<\/p>\n<p>Los implicados de 25, 29 y 30 a\u00f1os habr\u00edan causado el siniestro en un lote de una estancia de la zona y las llamas fueron r\u00e1pidamente controladas por el personal de Bomberos Voluntarios y ETAC. Los tres hombres ya fueron trasladados a una sede policial y quedaron a disposici\u00f3n de la Justicia.<\/p>\n<p>&nbsp;<\/p>\n<p><strong>Incendios en C\u00f3rdoba: cu\u00e1l es la situaci\u00f3n en Punilla y Traslasierra<\/strong><\/p>\n<p>En cuanto al estado actual del fuego, los brigadistas lograron contener los tres focos en los valles de Punilla y Traslasierra, seg\u00fan inform\u00f3 el secretario de Gesti\u00f3n de Riesgo Clim\u00e1tico, Roberto Schreiner, en declaraciones a Cadena 3.<\/p>\n<p>En el primer valle, hubo un frente de fuego en la localidad de Molinari y otro en el basural de Capilla del Monte, mientras que en el segundo fuego se desarroll\u00f3 entre La Paz y Villa Dolores, en la zona de Conlara.<\/p>\n<p>A su vez, la ruta nacional 38 qued\u00f3 habilitada a la altura del kil\u00f3metro 42, sobre Cosqu\u00edn, en Molinari. De todas formas, por los fuertes vientos, se recomend\u00f3 tomar el Camino del Cuadrado para ir desde Punilla norte hacia C\u00f3rdoba. Los bomberos voluntarios de Cosqu\u00edn recibieron apoyo de dotaciones de localidades cercanas.<\/p>\n<p>El fuego en Molinari afect\u00f3 unas cinco hect\u00e1reas y s\u00f3lo una vivienda estuvo en riesgo. Afortunadamente, el incendio no pas\u00f3 a mayores y no fue necesario realizar evacuaciones, seg\u00fan asegur\u00f3 el bombero Jos\u00e9 Molina a Cadena 3.<\/p>\n<p>Las altas temperaturas y el riesgo extremo de incendios son motivo de preocupaci\u00f3n en la provincia, por lo que las autoridades instaron a la gente a mantener precauciones y alertar en caso de que haya estos siniestros.<\/p>\n","protected":false},"excerpt":{"rendered":"<p>Los implicados de 25, 29 y 30 a\u00f1os habr\u00edan iniciado el siniestro en un lote de una estancia de la zona &nbsp; &nbsp; Mientras los incendios forestales contin\u00faan azotando distintos puntos de la provincia de C\u00f3rdoba, detuvieron a tres hombres acusados de provocar el fuego en la localidad de Conlara de la departamental de San Javier. Los implicados de 25, 29 y 30 a\u00f1os habr\u00edan causado el siniestro en un lote de una estancia de la zona y las llamas fueron r\u00e1pidamente controladas por el personal de Bomberos Voluntarios y&#8230;<\/p>\n","protected":false},"author":3,"featured_media":120074,"comment_status":"closed","ping_status":"closed","sticky":false,"template":"","format":"standard","meta":[],"categories":[2],"tags":[],"_links":{"self":[{"href":"https:\/\/www.actualidadadiario.com\/index.php\/wp-json\/wp\/v2\/posts\/120262"}],"collection":[{"href":"https:\/\/www.actualidadadiario.com\/index.php\/wp-json\/wp\/v2\/posts"}],"about":[{"href":"https:\/\/www.actualidadadiario.com\/index.php\/wp-json\/wp\/v2\/types\/post"}],"author":[{"embeddable":true,"href":"https:\/\/www.actualidadadiario.com\/index.php\/wp-json\/wp\/v2\/users\/3"}],"replies":[{"embeddable":true,"href":"https:\/\/www.actualidadadiario.com\/index.php\/wp-json\/wp\/v2\/comments?post=120262"}],"version-history":[{"count":1,"href":"https:\/\/www.actualidadadiario.com\/index.php\/wp-json\/wp\/v2\/posts\/120262\/revisions"}],"predecessor-version":[{"id":120263,"href":"https:\/\/www.actualidadadiario.com\/index.php\/wp-json\/wp\/v2\/posts\/120262\/revisions\/120263"}],"wp:featuredmedia":[{"embeddable":true,"href":"https:\/\/www.actualidadadiario.com\/index.php\/wp-json\/wp\/v2\/media\/120074"}],"wp:attachment":[{"href":"https:\/\/www.actualidadadiario.com\/index.php\/wp-json\/wp\/v2\/media?parent=120262"}],"wp:term":[{"taxonomy":"category","embeddable":true,"href":"https:\/\/www.actualidadadiario.com\/index.php\/wp-json\/wp\/v2\/categories?post=120262"},{"taxonomy":"post_tag","embeddable":true,"href":"https:\/\/www.actualidadadiario.com\/index.php\/wp-json\/wp\/v2\/tags?post=120262"}],"curies":[{"name":"wp","href":"https:\/\/api.w.org\/{rel}","templated":true}]}}