{"id":120260,"date":"2024-09-18T12:31:43","date_gmt":"2024-09-18T15:31:43","guid":{"rendered":"https:\/\/www.actualidadadiario.com\/?p=120260"},"modified":"2024-09-18T12:31:59","modified_gmt":"2024-09-18T15:31:59","slug":"desplome-record-las-ventas-en-supermercados-y-autoservicios-cayeron-172-en-agosto","status":"publish","type":"post","link":"https:\/\/www.actualidadadiario.com\/index.php\/2024\/09\/18\/desplome-record-las-ventas-en-supermercados-y-autoservicios-cayeron-172-en-agosto\/","title":{"rendered":"Desplome r\u00e9cord: las ventas en supermercados y autoservicios cayeron 17,2% en agosto"},"content":{"rendered":"<p style=\"text-align: center;\"><em><strong>Un estudio revel\u00f3 que el descenso es el m\u00e1s pronunciado en los \u00faltimos a\u00f1os. Ni las ofertas ni los descuentos mejoraron la perspectiva en supermercados y autoservicios<\/strong><\/em><\/p>\n<p>&nbsp;<\/p>\n<p>&nbsp;<\/p>\n<p>Durante el mes de agosto se registr\u00f3 una ca\u00edda r\u00e9cord del consumo en supermercados, superando cualquier otra contracci\u00f3n analizada durante la gesti\u00f3n de Javier Milei. Las ventas en supermercados y autoservicios retrocedieron 17,2% en volumen respecto al mismo mes de 2023, marcando as\u00ed la retracci\u00f3n interanual m\u00e1s pronunciada de los \u00faltimos a\u00f1os.<\/p>\n<p>Seg\u00fan la consultora Scentia, el desplome del 17,2% interanual en agosto es el resultado de la suma de dos canales principales: los supermercados, que registraron una ca\u00edda del 17,9%, y los autoservicios, que sufrieron una baja del 16,5%. Estos n\u00fameros son inquietantes, especialmente si se considera que en agosto de 2023 los supermercados hab\u00edan crecido un 14,1%, mientras que los autoservicios se contrajeron un 3,2%. El acumulado anual ya supera los 10 puntos negativos.<\/p>\n<p>Por su parte, el precio promedio ponderado se ha ajustado, ubic\u00e1ndose por debajo del 200%, lo que indica que los precios siguen la tendencia de la inflaci\u00f3n a la baja, pero no logra reactivar el consumo.<\/p>\n<p>&nbsp;<\/p>\n<p><strong>Consumo: qu\u00e9 sectores tuvieron mayor retracci\u00f3n<\/strong><\/p>\n<p>El informe revela particularidades de esta profunda contracci\u00f3n del consumo, destacando que la ca\u00edda de ventas en los supermercados de cadena fue mayor en el interior del pa\u00eds (-19,2%) que en los distritos del AMBA (-16,5%).<\/p>\n<p>Discriminados por \u201ccanastas\u201d, los \u00e1mbitos que experimentaron mayores retrocesos fueron Bebidas con y sin alcohol (-24,3% y -24,7%, respectivamente), Higiene y Cosm\u00e9tica (-20,1%) y Limpieza del Hogar (-15,9%), mientras que el rubro Alimentaci\u00f3n cay\u00f3 un 12,4% en relaci\u00f3n al mes de agosto de 2023.<\/p>\n","protected":false},"excerpt":{"rendered":"<p>Un estudio revel\u00f3 que el descenso es el m\u00e1s pronunciado en los \u00faltimos a\u00f1os. Ni las ofertas ni los descuentos mejoraron la perspectiva en supermercados y autoservicios &nbsp; &nbsp; Durante el mes de agosto se registr\u00f3 una ca\u00edda r\u00e9cord del consumo en supermercados, superando cualquier otra contracci\u00f3n analizada durante la gesti\u00f3n de Javier Milei. Las ventas en supermercados y autoservicios retrocedieron 17,2% en volumen respecto al mismo mes de 2023, marcando as\u00ed la retracci\u00f3n interanual m\u00e1s pronunciada de los \u00faltimos a\u00f1os. Seg\u00fan la consultora Scentia, el desplome del 17,2% interanual&#8230;<\/p>\n","protected":false},"author":3,"featured_media":117402,"comment_status":"closed","ping_status":"closed","sticky":false,"template":"","format":"standard","meta":[],"categories":[2],"tags":[],"_links":{"self":[{"href":"https:\/\/www.actualidadadiario.com\/index.php\/wp-json\/wp\/v2\/posts\/120260"}],"collection":[{"href":"https:\/\/www.actualidadadiario.com\/index.php\/wp-json\/wp\/v2\/posts"}],"about":[{"href":"https:\/\/www.actualidadadiario.com\/index.php\/wp-json\/wp\/v2\/types\/post"}],"author":[{"embeddable":true,"href":"https:\/\/www.actualidadadiario.com\/index.php\/wp-json\/wp\/v2\/users\/3"}],"replies":[{"embeddable":true,"href":"https:\/\/www.actualidadadiario.com\/index.php\/wp-json\/wp\/v2\/comments?post=120260"}],"version-history":[{"count":1,"href":"https:\/\/www.actualidadadiario.com\/index.php\/wp-json\/wp\/v2\/posts\/120260\/revisions"}],"predecessor-version":[{"id":120261,"href":"https:\/\/www.actualidadadiario.com\/index.php\/wp-json\/wp\/v2\/posts\/120260\/revisions\/120261"}],"wp:featuredmedia":[{"embeddable":true,"href":"https:\/\/www.actualidadadiario.com\/index.php\/wp-json\/wp\/v2\/media\/117402"}],"wp:attachment":[{"href":"https:\/\/www.actualidadadiario.com\/index.php\/wp-json\/wp\/v2\/media?parent=120260"}],"wp:term":[{"taxonomy":"category","embeddable":true,"href":"https:\/\/www.actualidadadiario.com\/index.php\/wp-json\/wp\/v2\/categories?post=120260"},{"taxonomy":"post_tag","embeddable":true,"href":"https:\/\/www.actualidadadiario.com\/index.php\/wp-json\/wp\/v2\/tags?post=120260"}],"curies":[{"name":"wp","href":"https:\/\/api.w.org\/{rel}","templated":true}]}}