{"id":120258,"date":"2024-09-18T12:30:46","date_gmt":"2024-09-18T15:30:46","guid":{"rendered":"https:\/\/www.actualidadadiario.com\/?p=120258"},"modified":"2024-09-18T12:30:46","modified_gmt":"2024-09-18T15:30:46","slug":"suspenden-la-resolucion-que-impedia-a-los-municipios-cobrar-tasas-en-las-facturas-de-los-servicios-publicos","status":"publish","type":"post","link":"https:\/\/www.actualidadadiario.com\/index.php\/2024\/09\/18\/suspenden-la-resolucion-que-impedia-a-los-municipios-cobrar-tasas-en-las-facturas-de-los-servicios-publicos\/","title":{"rendered":"Suspenden la resoluci\u00f3n que imped\u00eda a los municipios cobrar tasas en las facturas de los servicios p\u00fablicos"},"content":{"rendered":"<p style=\"text-align: center;\"><em><strong>El rev\u00e9s judicial para el Gobierno nacional se sustenta en que la medida impulsada por la Secretar\u00eda de Comercio e Industria de la Naci\u00f3n afecta el funcionamiento de los distintos servicios municipales<\/strong><\/em><\/p>\n<p>&nbsp;<\/p>\n<p>&nbsp;<\/p>\n<p>&nbsp;<\/p>\n<p>En lo que constituye un nuevo rev\u00e9s judicial contra el Gobierno liderado por Javier Milei, la Justicia decret\u00f3 una medida cautelar para suspender la resoluci\u00f3n que imped\u00eda a los municipios cobrar tasas en las facturas de los servicios p\u00fablicos.<\/p>\n<p>En ese sentido, el titular del Juzgado Federal de Campana, Adri\u00e1n Gonz\u00e1lez Charvay, hizo lugar a una presentaci\u00f3n de la Municipalidad de Pilar y orden\u00f3 la medida cautelar interina que deja sin efecto la Resoluci\u00f3n 267\/2024, que hab\u00eda sido dictada por la Secretar\u00eda de Comercio e Industria de la Naci\u00f3n.<\/p>\n<p>La Comuna de Pilar sostuvo en una acci\u00f3n de amparo su &#8220;derecho manifiesto e incuestionable de percibir la Tasa de Servicios Generales (antes Tasa Municipal de Alumbrado P\u00fablico), incorporando la misma a la boleta individual emitida por EDENOR SA, y la Tasa por Vigilancia, Inspecci\u00f3n y Desarrollo de Emprendimientos para la Provisi\u00f3n del Servicio P\u00fablico de Gas por Redes, incluyendo \u00e9sta en la boleta individual emitida Naturgy BAN S.A.&#8221;<\/p>\n<p>En l\u00ednea con lo que hab\u00edan se\u00f1alado desde el Organismo de Control de Energ\u00eda El\u00e9ctrica de la Provincia de Buenos Aires (OCEBA), el Municipio en cuesti\u00f3n destac\u00f3 que est\u00e1n amparados por distintas normativas provinciales para poder incluir en las boletas de luz y gas tributos municipales.<\/p>\n<p>Seg\u00fan explic\u00f3 el magistrado en su decisi\u00f3n, la Constituci\u00f3n bonaerense habilita a los municipios a dictar ordenanzas y reglamentos y establecer los presupuestos y recursos. Asimismo, indic\u00f3 que los impuestos fueron determinados por ordenanza.<\/p>\n<p>Finalmente, el documento judicial confirm\u00f3 que &#8220;La medida interina tendr\u00e1 vigencia hasta tanto se resuelva la medida cautelar solicitada en autos. A tal fin, requi\u00e9rase al Ministerio de Econom\u00eda \u2013 Secretar\u00eda de Industria y Comercio que produzca el informe previsto por el art\u00edculo 4 de la ley 26.854, en el plazo de tres d\u00edas de notificado de la presente resoluci\u00f3n&#8221;.<\/p>\n","protected":false},"excerpt":{"rendered":"<p>El rev\u00e9s judicial para el Gobierno nacional se sustenta en que la medida impulsada por la Secretar\u00eda de Comercio e Industria de la Naci\u00f3n afecta el funcionamiento de los distintos servicios municipales &nbsp; &nbsp; &nbsp; En lo que constituye un nuevo rev\u00e9s judicial contra el Gobierno liderado por Javier Milei, la Justicia decret\u00f3 una medida cautelar para suspender la resoluci\u00f3n que imped\u00eda a los municipios cobrar tasas en las facturas de los servicios p\u00fablicos. En ese sentido, el titular del Juzgado Federal de Campana, Adri\u00e1n Gonz\u00e1lez Charvay, hizo lugar a&#8230;<\/p>\n","protected":false},"author":3,"featured_media":44008,"comment_status":"closed","ping_status":"closed","sticky":false,"template":"","format":"standard","meta":[],"categories":[1],"tags":[],"_links":{"self":[{"href":"https:\/\/www.actualidadadiario.com\/index.php\/wp-json\/wp\/v2\/posts\/120258"}],"collection":[{"href":"https:\/\/www.actualidadadiario.com\/index.php\/wp-json\/wp\/v2\/posts"}],"about":[{"href":"https:\/\/www.actualidadadiario.com\/index.php\/wp-json\/wp\/v2\/types\/post"}],"author":[{"embeddable":true,"href":"https:\/\/www.actualidadadiario.com\/index.php\/wp-json\/wp\/v2\/users\/3"}],"replies":[{"embeddable":true,"href":"https:\/\/www.actualidadadiario.com\/index.php\/wp-json\/wp\/v2\/comments?post=120258"}],"version-history":[{"count":1,"href":"https:\/\/www.actualidadadiario.com\/index.php\/wp-json\/wp\/v2\/posts\/120258\/revisions"}],"predecessor-version":[{"id":120259,"href":"https:\/\/www.actualidadadiario.com\/index.php\/wp-json\/wp\/v2\/posts\/120258\/revisions\/120259"}],"wp:featuredmedia":[{"embeddable":true,"href":"https:\/\/www.actualidadadiario.com\/index.php\/wp-json\/wp\/v2\/media\/44008"}],"wp:attachment":[{"href":"https:\/\/www.actualidadadiario.com\/index.php\/wp-json\/wp\/v2\/media?parent=120258"}],"wp:term":[{"taxonomy":"category","embeddable":true,"href":"https:\/\/www.actualidadadiario.com\/index.php\/wp-json\/wp\/v2\/categories?post=120258"},{"taxonomy":"post_tag","embeddable":true,"href":"https:\/\/www.actualidadadiario.com\/index.php\/wp-json\/wp\/v2\/tags?post=120258"}],"curies":[{"name":"wp","href":"https:\/\/api.w.org\/{rel}","templated":true}]}}