{"id":120253,"date":"2024-09-18T11:31:43","date_gmt":"2024-09-18T14:31:43","guid":{"rendered":"https:\/\/www.actualidadadiario.com\/?p=120253"},"modified":"2024-09-18T11:31:43","modified_gmt":"2024-09-18T14:31:43","slug":"bullrich-llegara-este-jueves-a-concordia","status":"publish","type":"post","link":"https:\/\/www.actualidadadiario.com\/index.php\/2024\/09\/18\/bullrich-llegara-este-jueves-a-concordia\/","title":{"rendered":"Bullrich llegar\u00e1 este jueves a Concordia"},"content":{"rendered":"<p style=\"text-align: center;\"><em><strong>Es la primera ministra de Javier Milei que llega a Concordia. En el municipio celebran que aterrizar\u00e1 con recursos. La agenda pol\u00edtica<\/strong><\/em><\/p>\n<p>&nbsp;<\/p>\n<p>&nbsp;<\/p>\n<p>Cuando Francisco Azcu\u00e9 visit\u00f3 a Patricia Bullrich hace algunas semanas, la ministra qued\u00f3 encantada con un dato: uno de su palo hab\u00eda llegado a gobernar una ciudad. El exfiscal es ahora intendente y para la funcionaria eso fue una buena se\u00f1al para aceptar la invitaci\u00f3n a Concordia, su primera vez en esta ciudad de Entre R\u00edos.<\/p>\n<p>Bullrich ser\u00e1 recibida este jueves por Azcu\u00e9; el secretario de Gobierno, Luciano Dell Ollio; y el gobernador Rogelio Frigerio, quien llegar\u00e1 con parte de su gabinete, entre quienes se encuentra un viejo conocido de la ministra: N\u00e9stor Roncaglia, ex jefe de la Polic\u00eda Federal Argentina (PFA) durante su gesti\u00f3n en el gobierno de Mauricio Macri. Se espera que se sumen a la comitiva legisladores y referentes del departamento y la provincia, que protagonizar\u00e1n tambi\u00e9n una reuni\u00f3n pol\u00edtica con la funcionaria del gobierno de Javier Milei.<\/p>\n<p>El tono pol\u00edtico del encuentro es todav\u00eda una inc\u00f3gnita, pero la confianza que la ministra logr\u00f3 para hablar en nombre del Presidente despierta algunas suspicacias entre quienes asistir\u00e1n. Nadie se anima a afirmar que habr\u00e1 conversaci\u00f3n electoral, pero admiten que no hay lugar para ingenuidades a la hora de valorar la talla de la vocera. Sin embargo, en el c\u00edrculo \u00edntimo de Azcu\u00e9 recuerdan que cualquier alineamiento pol\u00edtico del intendente estar\u00e1 siempre atado a los movimientos de su l\u00edder, el gobernador Frigerio.<\/p>\n<p>&nbsp;<\/p>\n<p><strong>Azcu\u00e9 y la agenda de Seguridad<\/strong><\/p>\n<p>Este es el segundo viaje en el a\u00f1o que la ministra hace a Entre R\u00edos. Como cont\u00f3 Letra P, en el primero, en abril, reparti\u00f3 su tiempo en Paran\u00e1 entre la agenda institucional y momentos que dedic\u00f3 a la rosca pol\u00edtica. Presidi\u00f3 la apertura del \u201cCurso Avanzado en la Lucha contra el Narcotr\u00e1fico\u201d, almorz\u00f3 con Frigerio en la Casa Gris y mantuvo un encuentro con la intendenta capitalina Rosario Romero en la municipalidad. Al final, reuni\u00f3 a halcones PRO y a un armador libertario.<\/p>\n<p>El mandatario concordiense se mueve c\u00f3modo en el \u00e1mbito que gestiona la expresidenta del PRO. Aunque no comparten pertenencia partidaria, el v\u00ednculo se torna natural en los objetivos pol\u00edticos que ambos proclaman: la lucha contra el narcotr\u00e1fico. Azcu\u00e9, de trayectoria militante en las filas radicales, pas\u00f3 de la fiscal\u00eda al palacio municipal con un discurso antinarco enfocado en la Seguridad. En su gesti\u00f3n diaria, el tema es transversal en todas sus decisiones.<\/p>\n<p>El matcheo entre ambos se concret\u00f3 hace algunas semanas cuando el intendente visit\u00f3 a Bullrich en su despacho y le cont\u00f3 sobre una flamante medida de su gobierno: el \u201cdecreto antinarcos\u201d. La resoluci\u00f3n dispuso la quita de todo tipo de beneficios o subsidios por parte de la Municipalidad de Concordia a aquellas personas que hayan sido condenadas o hayan sido part\u00edcipes necesarios en causas de narcomenudeo o narcotr\u00e1fico. El peronismo sali\u00f3 r\u00e1pidamente a cuestionar la medida por apuntar al eslab\u00f3n m\u00e1s d\u00e9bil de la cadena. \u201cLos verdaderos narcos no necesitan planes sociales\u201d, le respondieron.<\/p>\n<p>&nbsp;<\/p>\n<p><strong>La agenda de Patricia Bullrich en Entre R\u00edos<\/strong><\/p>\n<p>Se espera que la ministra arribe a la ciudad este jueves pasadas las 10.30. En el Centro de Convenciones participar\u00e1 del Consejo de Seguridad al que convoc\u00f3 el intendente. Se trata de un \u00f3rgano de gesti\u00f3n que dirime cuestiones vinculadas a la seguridad ciudadana y lo integran representantes de la gesti\u00f3n; concejales de la oposici\u00f3n y el oficialismo; fuerzas de seguridad; fiscales; jueces; referentes de Derechos Humanos; legisladores provinciales e instituciones, entre otros. A\u00fan sin agenda cerrada, la expectativa es que en ese espacio se intercambien los temas m\u00e1s calientes en materia de seguridad local. All\u00ed estar\u00e1n tambi\u00e9n Frigerio y parte de su gabinete.<\/p>\n<p>El contexto de la visita de Bullrich est\u00e1 dado por las recientes protestas y la represi\u00f3n alrededor del Congreso durante la sesi\u00f3n de la semana pasada, cuando una ni\u00f1a de 10 a\u00f1os fue v\u00edctima del accionar de las fuerzas de seguridad que la ministra defendi\u00f3. Por ese motivo, organismos de Derechos Humanos, organizaciones sociales, centros de estudiantes y jubilados y sindicatos locales declararon a la visita como &#8220;no grata&#8221; y en algunos grupos de Whatsapp se gestaban convocatorias para repudiar su presencia en la ciudad.<\/p>\n<p>Luego de la actividad institucional, Bullrich encabezar\u00e1 una reuni\u00f3n pol\u00edtica a la que se sumar\u00e1n referentes de Juntos por Entre R\u00edos de todo el departamento. Las invitaciones ya est\u00e1n siendo cursadas a autoridades municipales, integrantes del funcionariado y la Legislatura. Dicen que hay tambi\u00e9n algunas invitaciones especiales.<\/p>\n<p>En el entorno de Azcu\u00e9 despojan de contenido electoral al encuentro y enmarcan la presencia de la ministra en la buena sinton\u00eda directa entre ambos. El intendente tambi\u00e9n tiene \u201cbuena onda\u201d con otro radical del gabinete, el ministro de Defensa, Luis Petri, a quien tambi\u00e9n invit\u00f3 a la ciudad. La agenda de Bullrich incluye m\u00e1s tarde una visita a la sede de Gendarmer\u00eda, donde se espera que haga entrega de recursos nacionales para reforzar la tarea de las fuerzas de seguridad en la zona.<\/p>\n","protected":false},"excerpt":{"rendered":"<p>Es la primera ministra de Javier Milei que llega a Concordia. En el municipio celebran que aterrizar\u00e1 con recursos. La agenda pol\u00edtica &nbsp; &nbsp; Cuando Francisco Azcu\u00e9 visit\u00f3 a Patricia Bullrich hace algunas semanas, la ministra qued\u00f3 encantada con un dato: uno de su palo hab\u00eda llegado a gobernar una ciudad. El exfiscal es ahora intendente y para la funcionaria eso fue una buena se\u00f1al para aceptar la invitaci\u00f3n a Concordia, su primera vez en esta ciudad de Entre R\u00edos. Bullrich ser\u00e1 recibida este jueves por Azcu\u00e9; el secretario de&#8230;<\/p>\n","protected":false},"author":3,"featured_media":120254,"comment_status":"closed","ping_status":"closed","sticky":false,"template":"","format":"standard","meta":[],"categories":[15],"tags":[],"_links":{"self":[{"href":"https:\/\/www.actualidadadiario.com\/index.php\/wp-json\/wp\/v2\/posts\/120253"}],"collection":[{"href":"https:\/\/www.actualidadadiario.com\/index.php\/wp-json\/wp\/v2\/posts"}],"about":[{"href":"https:\/\/www.actualidadadiario.com\/index.php\/wp-json\/wp\/v2\/types\/post"}],"author":[{"embeddable":true,"href":"https:\/\/www.actualidadadiario.com\/index.php\/wp-json\/wp\/v2\/users\/3"}],"replies":[{"embeddable":true,"href":"https:\/\/www.actualidadadiario.com\/index.php\/wp-json\/wp\/v2\/comments?post=120253"}],"version-history":[{"count":1,"href":"https:\/\/www.actualidadadiario.com\/index.php\/wp-json\/wp\/v2\/posts\/120253\/revisions"}],"predecessor-version":[{"id":120255,"href":"https:\/\/www.actualidadadiario.com\/index.php\/wp-json\/wp\/v2\/posts\/120253\/revisions\/120255"}],"wp:featuredmedia":[{"embeddable":true,"href":"https:\/\/www.actualidadadiario.com\/index.php\/wp-json\/wp\/v2\/media\/120254"}],"wp:attachment":[{"href":"https:\/\/www.actualidadadiario.com\/index.php\/wp-json\/wp\/v2\/media?parent=120253"}],"wp:term":[{"taxonomy":"category","embeddable":true,"href":"https:\/\/www.actualidadadiario.com\/index.php\/wp-json\/wp\/v2\/categories?post=120253"},{"taxonomy":"post_tag","embeddable":true,"href":"https:\/\/www.actualidadadiario.com\/index.php\/wp-json\/wp\/v2\/tags?post=120253"}],"curies":[{"name":"wp","href":"https:\/\/api.w.org\/{rel}","templated":true}]}}