{"id":120249,"date":"2024-09-18T11:30:03","date_gmt":"2024-09-18T14:30:03","guid":{"rendered":"https:\/\/www.actualidadadiario.com\/?p=120249"},"modified":"2024-09-18T11:30:18","modified_gmt":"2024-09-18T14:30:18","slug":"que-dijeron-desde-los-gremios-sobre-la-nueva-propuesta-del-gobierno","status":"publish","type":"post","link":"https:\/\/www.actualidadadiario.com\/index.php\/2024\/09\/18\/que-dijeron-desde-los-gremios-sobre-la-nueva-propuesta-del-gobierno\/","title":{"rendered":"\u00bfQu\u00e9 dijeron desde los gremios sobre la nueva propuesta del gobierno?"},"content":{"rendered":"<p style=\"text-align: center;\"><em><strong>En la cuarta audiencia establecida por la Justicia, el Ejecutivo provincial present\u00f3 a los gremios una propuesta de recomposici\u00f3n salarial, que es para los \u00faltimos meses del a\u00f1o, y consiste en un aumento para los meses de septiembre, octubre, noviembre y diciembre de 2024 igual al IPC del mes inmediato anterior, calculado sobre los salarios del mes de junio de 2024<\/strong><\/em><\/p>\n<p>&nbsp;<\/p>\n<p>&nbsp;<\/p>\n<p>\u201cLa propuesta tiene una caracter\u00edstica central y es que no contiene montos en negro, sino que son todos remunerativos; y la pauta salarial para septiembre, octubre y noviembre da cuenta de la inflaci\u00f3n\u201d, comunic\u00f3 el secretario general de AGMER, Marcelo Pagani.<\/p>\n<p>Y continu\u00f3: \u201cUna cl\u00e1usula establece que, una vez que se conozca el \u00edndice de inflaci\u00f3n de diciembre en enero, se pagar\u00eda la diferencia por el desfasaje entre el salario percibido y la inflaci\u00f3n acumulada\u201d. Adem\u00e1s, el desfasaje del primer semestre se pagar\u00eda en dos cuotas; y un aumento del tope en el c\u00f3digo 029 para cubrir hasta 80 Km en la distancia de traslado.<\/p>\n<p>Pagani ponder\u00f3 que, al ser sumas remunerativas, \u201clos incrementos ir\u00e1n a los jubilados docentes de la provincia\u201d.<\/p>\n<p>Para definir la aceptaci\u00f3n o rechazo a la oferta de Provincia, Agmer convoc\u00f3 a congreso gremial para el jueves, desde las 9, en Villaguay y, desde esta noche y durante el mi\u00e9rcoles, habr\u00e1 asambleas escolares.<\/p>\n<p>En relaci\u00f3n con la conciliaci\u00f3n, Pagani resumi\u00f3: \u201cSon procesos de discusi\u00f3n y nos hubiese gustado que la propuesta est\u00e9 antes, pero tenemos la tranquilidad como conducci\u00f3n provincial de que la propuesta se ajusta en t\u00e9rminos conceptuales a lo planteado por el congreso de Agmer\u201d.<\/p>\n<p>Por su parte, el secretario general de AMET, Carlos Varela, ponder\u00f3 que se trat\u00f3 de \u201cla primera propuesta concreta que presenta el Gobierno\u201d.<\/p>\n<p>El sindicato que nuclea a los docentes de escuelas t\u00e9cnicas reunir\u00e1 este mi\u00e9rcoles a los integrantes de su comisi\u00f3n directiva para determinar el material que se bajar\u00e1 a los delegados para que realicen asambleas en las escuelas.<\/p>\n<p>\u201cLas asambleas ser\u00e1n este mi\u00e9rcoles por la tarde, jueves a la ma\u00f1ana y a la noche. Luego se har\u00e1 la compatibilizaci\u00f3n de mandatos y en base a los resultados, se emitir\u00e1n las opiniones al respecto\u201d, explic\u00f3 Varela.<\/p>\n<p>En la oportunidad, adelant\u00f3 que el gremio present\u00f3 \u201cuna propuesta para el fortalecimiento de capacidades para el tercer trimestre debido a que el gobierno provincial se comprometi\u00f3 a devolver los d\u00edas descontados por paro, con los haberes de septiembre, en los primeros d\u00edas de octubre\u201d.<\/p>\n","protected":false},"excerpt":{"rendered":"<p>En la cuarta audiencia establecida por la Justicia, el Ejecutivo provincial present\u00f3 a los gremios una propuesta de recomposici\u00f3n salarial, que es para los \u00faltimos meses del a\u00f1o, y consiste en un aumento para los meses de septiembre, octubre, noviembre y diciembre de 2024 igual al IPC del mes inmediato anterior, calculado sobre los salarios del mes de junio de 2024 &nbsp; &nbsp; \u201cLa propuesta tiene una caracter\u00edstica central y es que no contiene montos en negro, sino que son todos remunerativos; y la pauta salarial para septiembre, octubre y&#8230;<\/p>\n","protected":false},"author":3,"featured_media":120250,"comment_status":"closed","ping_status":"closed","sticky":false,"template":"","format":"standard","meta":[],"categories":[15],"tags":[],"_links":{"self":[{"href":"https:\/\/www.actualidadadiario.com\/index.php\/wp-json\/wp\/v2\/posts\/120249"}],"collection":[{"href":"https:\/\/www.actualidadadiario.com\/index.php\/wp-json\/wp\/v2\/posts"}],"about":[{"href":"https:\/\/www.actualidadadiario.com\/index.php\/wp-json\/wp\/v2\/types\/post"}],"author":[{"embeddable":true,"href":"https:\/\/www.actualidadadiario.com\/index.php\/wp-json\/wp\/v2\/users\/3"}],"replies":[{"embeddable":true,"href":"https:\/\/www.actualidadadiario.com\/index.php\/wp-json\/wp\/v2\/comments?post=120249"}],"version-history":[{"count":2,"href":"https:\/\/www.actualidadadiario.com\/index.php\/wp-json\/wp\/v2\/posts\/120249\/revisions"}],"predecessor-version":[{"id":120252,"href":"https:\/\/www.actualidadadiario.com\/index.php\/wp-json\/wp\/v2\/posts\/120249\/revisions\/120252"}],"wp:featuredmedia":[{"embeddable":true,"href":"https:\/\/www.actualidadadiario.com\/index.php\/wp-json\/wp\/v2\/media\/120250"}],"wp:attachment":[{"href":"https:\/\/www.actualidadadiario.com\/index.php\/wp-json\/wp\/v2\/media?parent=120249"}],"wp:term":[{"taxonomy":"category","embeddable":true,"href":"https:\/\/www.actualidadadiario.com\/index.php\/wp-json\/wp\/v2\/categories?post=120249"},{"taxonomy":"post_tag","embeddable":true,"href":"https:\/\/www.actualidadadiario.com\/index.php\/wp-json\/wp\/v2\/tags?post=120249"}],"curies":[{"name":"wp","href":"https:\/\/api.w.org\/{rel}","templated":true}]}}