{"id":120240,"date":"2024-09-18T11:25:43","date_gmt":"2024-09-18T14:25:43","guid":{"rendered":"https:\/\/www.actualidadadiario.com\/?p=120240"},"modified":"2024-09-18T11:25:43","modified_gmt":"2024-09-18T14:25:43","slug":"un-nino-entrerriano-busca-quien-lo-adopte","status":"publish","type":"post","link":"https:\/\/www.actualidadadiario.com\/index.php\/2024\/09\/18\/un-nino-entrerriano-busca-quien-lo-adopte\/","title":{"rendered":"Un ni\u00f1o entrerriano busca quien lo adopte"},"content":{"rendered":"<p style=\"text-align: center;\"><em><strong>Convocan \u201ca personas residentes en Entre R\u00edos que se sientan en condiciones de ahijar, brindar tiempo y amor a un ni\u00f1o de 5 a\u00f1os\u201d. El mismo \u201cpresenta una discapacidad que condiciona su desenvolvimiento e interacci\u00f3n con el ambiente\u201d<\/strong><\/em><\/p>\n<p>&nbsp;<\/p>\n<p>&nbsp;<\/p>\n<p>&nbsp;<\/p>\n<p>El Registro \u00danico de Aspirantes a Guardas con Fines Adoptivos de la Provincia de Entre R\u00edos (RUAER), convoc\u00f3 a personas residentes en Entre R\u00edos que \u201cse sientan en condiciones de ahijar, brindar tiempo y amor a un ni\u00f1o de 5 a\u00f1os que desea tener una familia\u201d.<\/p>\n<p>Seg\u00fan se inform\u00f3, \u201cel ni\u00f1o necesita una familia continente, que cuente con tiempo y disponibilidad para dedicar a los cuidados personalizados y atenci\u00f3n que demandan sus condiciones de vida\u201d.<\/p>\n<p>Se aclar\u00f3 que el chico \u201cpresenta una discapacidad que condiciona su desenvolvimiento e interacci\u00f3n con el ambiente\u201d.<\/p>\n<p>&nbsp;<\/p>\n<p><strong>Abordajes de salud<\/strong><\/p>\n<p>Es por esto que \u201cprecisa acompa\u00f1amiento y apoyos para el desarrollo de sus actividades cotidianas, a la par que su familia pueda garantizar los abordajes de salud que realiza\u201d.<\/p>\n<p>Actualmente \u201cparticipa de una escolaridad integrada y disfruta de la interacci\u00f3n afectiva de contacto como mimos y caricias\u201d.<\/p>\n<p>Aquellos postulantes que \u201cmanifiesten su motivaci\u00f3n a una disponibilidad adoptiva que revista las particularidades del ni\u00f1o, ser\u00e1n convocados para una instancia en la cual se profundizar\u00e1 sobre la situaci\u00f3n\u201d, indicaron desde el Registro \u00danico de Aspirantes a Guardas con Fines Adoptivos de la Provincia de Entre R\u00edos.<\/p>\n<p>&nbsp;<\/p>\n<p><strong>C\u00f3mo anotarse<\/strong><\/p>\n<p>Las inscripciones deber\u00e1n realizarse, hasta el 23 de septiembre pr\u00f3ximo, completando el siguiente formulario: https:\/\/forms.gle\/931udRyKVFNdBFAG7.<\/p>\n<p>Por mayor informaci\u00f3n, comunicarse v\u00eda whatsapp al 343- 5 329475 o al correo electr\u00f3nico: ruaer@jusentrerios.gov.ar.<\/p>\n<p>&nbsp;<\/p>\n<p><strong>62 ni\u00f1os y 28 adolescentes buscan familia en Entre R\u00edos<\/strong><\/p>\n<p>\u201cBuscamos familias para 62 ni\u00f1os y ni\u00f1as de 0 a 12 a\u00f1os y 28 adolescentes\u201d, precis\u00f3 d\u00edas pasados Mar\u00eda Silvana Spais, directora del Registro de Adoptantes de Entre R\u00edos (RUAER). Los interesados, pueden consultar a la p\u00e1gina web del organismo.<\/p>\n<p>Este jueves se realiz\u00f3 un encuentro en Villaguay. El mismo fue de car\u00e1cter informativo para dar a conocer los requisitos que se necesitan a la hora de realizar el tr\u00e1mite de adopci\u00f3n de un menor y comunicar en profundidad, la responsabilidad que implica el proceso.<\/p>\n<p>\u201cLos menores que est\u00e1n en situaci\u00f3n de adoptabilidad, han sido separados de su familia de origen y est\u00e1n al cuidado del COPNAF (Consejo Provincial del Ni\u00f1o, el Adolescente y la Familia), en distintos dispositivos. Los m\u00e1s peque\u00f1itos est\u00e1n en dispositivos de familias de abrigo, que son familias que cuidan transitoriamente a estos ni\u00f1os, hasta que se defina su situaci\u00f3n\u201d, explic\u00f3 Spais.<\/p>\n<p>Remarc\u00f3 la necesidad de que las familias que aspiran a ser adoptantes, conozcan la situaci\u00f3n de cada ni\u00f1o, ni\u00f1a o adolescente con el que buscan vincular, debido a la situaci\u00f3n compleja de cada ni\u00f1o, por la vulneraci\u00f3n de derechos a los que fueron expuestos.<\/p>\n<p>\u201cApuntamos a profundizar sobre esto con las personas interesadas, por eso hacemos el taller en Villaguay. Este encuentro es de car\u00e1cter obligatorio para los interesados\u201d.<\/p>\n","protected":false},"excerpt":{"rendered":"<p>Convocan \u201ca personas residentes en Entre R\u00edos que se sientan en condiciones de ahijar, brindar tiempo y amor a un ni\u00f1o de 5 a\u00f1os\u201d. El mismo \u201cpresenta una discapacidad que condiciona su desenvolvimiento e interacci\u00f3n con el ambiente\u201d &nbsp; &nbsp; &nbsp; El Registro \u00danico de Aspirantes a Guardas con Fines Adoptivos de la Provincia de Entre R\u00edos (RUAER), convoc\u00f3 a personas residentes en Entre R\u00edos que \u201cse sientan en condiciones de ahijar, brindar tiempo y amor a un ni\u00f1o de 5 a\u00f1os que desea tener una familia\u201d. Seg\u00fan se inform\u00f3,&#8230;<\/p>\n","protected":false},"author":3,"featured_media":57052,"comment_status":"closed","ping_status":"closed","sticky":false,"template":"","format":"standard","meta":[],"categories":[15],"tags":[],"_links":{"self":[{"href":"https:\/\/www.actualidadadiario.com\/index.php\/wp-json\/wp\/v2\/posts\/120240"}],"collection":[{"href":"https:\/\/www.actualidadadiario.com\/index.php\/wp-json\/wp\/v2\/posts"}],"about":[{"href":"https:\/\/www.actualidadadiario.com\/index.php\/wp-json\/wp\/v2\/types\/post"}],"author":[{"embeddable":true,"href":"https:\/\/www.actualidadadiario.com\/index.php\/wp-json\/wp\/v2\/users\/3"}],"replies":[{"embeddable":true,"href":"https:\/\/www.actualidadadiario.com\/index.php\/wp-json\/wp\/v2\/comments?post=120240"}],"version-history":[{"count":1,"href":"https:\/\/www.actualidadadiario.com\/index.php\/wp-json\/wp\/v2\/posts\/120240\/revisions"}],"predecessor-version":[{"id":120241,"href":"https:\/\/www.actualidadadiario.com\/index.php\/wp-json\/wp\/v2\/posts\/120240\/revisions\/120241"}],"wp:featuredmedia":[{"embeddable":true,"href":"https:\/\/www.actualidadadiario.com\/index.php\/wp-json\/wp\/v2\/media\/57052"}],"wp:attachment":[{"href":"https:\/\/www.actualidadadiario.com\/index.php\/wp-json\/wp\/v2\/media?parent=120240"}],"wp:term":[{"taxonomy":"category","embeddable":true,"href":"https:\/\/www.actualidadadiario.com\/index.php\/wp-json\/wp\/v2\/categories?post=120240"},{"taxonomy":"post_tag","embeddable":true,"href":"https:\/\/www.actualidadadiario.com\/index.php\/wp-json\/wp\/v2\/tags?post=120240"}],"curies":[{"name":"wp","href":"https:\/\/api.w.org\/{rel}","templated":true}]}}