{"id":120237,"date":"2024-09-18T11:25:04","date_gmt":"2024-09-18T14:25:04","guid":{"rendered":"https:\/\/www.actualidadadiario.com\/?p=120237"},"modified":"2024-09-18T11:25:04","modified_gmt":"2024-09-18T14:25:04","slug":"la-industria-entrerriana-perdio-700-puestos-laborales","status":"publish","type":"post","link":"https:\/\/www.actualidadadiario.com\/index.php\/2024\/09\/18\/la-industria-entrerriana-perdio-700-puestos-laborales\/","title":{"rendered":"La industria entrerriana perdi\u00f3 700 puestos laborales"},"content":{"rendered":"<p style=\"text-align: center;\"><em><strong>La industria perdi\u00f3 puestos de empleo en Entre R\u00edos. Seg\u00fan se indic\u00f3, hay 31.700 trabajadores industriales en Entre R\u00edos y el porcentaje de p\u00e9rdida representa 700 puestos laborales menos en el rubro<\/strong><\/em><\/p>\n<p>&nbsp;<\/p>\n<p>&nbsp;<\/p>\n<p>\u201cLa industria perdi\u00f3 el 1.8 de puestos de empleo en la provincia\u201d, as\u00ed lo asegur\u00f3 el presidente de la Uni\u00f3n Industrial de Entre R\u00edos, Gabriel Bourdin.<\/p>\n<p>Seg\u00fan especific\u00f3, hay 31.700 trabajadores industriales y el porcentaje representa, aproximadamente, 700 puestos laborales menos en el rubro.<\/p>\n<p>De igual manera, el dirigente industrial asegur\u00f3 que el sector \u201csostendr\u00e1 a la mano de obra capacitada, durante un tiempo prudencial\u201d. Es que seg\u00fan fundament\u00f3, \u201ces muy dif\u00edcil concebir que una industria pueda crecer sin su mano de obra y no es f\u00e1cil generarla y capacitarla\u201d.<\/p>\n<p>De hecho, mencion\u00f3 que la movilidad es del 10% y ese porcentaje era \u201cinusual\u201d hace algunos a\u00f1os. \u201cHay muchos chicos que ingresan al mercado laboral, pero les cuesta mucho aprender, trabajar a la noche y, adem\u00e1s, el trabajo cambi\u00f3 notablemente por la robotizaci\u00f3n\u201d, puntualiz\u00f3.<\/p>\n<p>&nbsp;<\/p>\n<p><strong>En n\u00fameros<\/strong><\/p>\n<p>La actividad industrial de Argentina registr\u00f3 en julio pasado una ca\u00edda del 5,4 %, en comparaci\u00f3n con el mismo mes de 2023. De esta forma, en los primeros siete meses del a\u00f1o acumul\u00f3 una ca\u00edda del 14,6% respecto a igual per\u00edodo de 2023.<\/p>\n<p>\u201cLa inflaci\u00f3n hac\u00eda que convenga trabajar con stocks muy altos, pero eso cambi\u00f3 porque ahora estamos en un per\u00edodo de estabilidad. Si bien la inflaci\u00f3n no es la que deseamos, y ronda el 4% desde hace unos meses, la proyecci\u00f3n indica que podr\u00eda ser mejor, aunque al gobierno le costar\u00e1 m\u00e1s el bajar la inflaci\u00f3n\u201d, analiz\u00f3 Bourdin.<\/p>\n<p>Para Bourdin, \u201ces un cambio de paradigma\u201d y reconoci\u00f3 que en los sectores de productos, bienes y servicios \u201cno est\u00e1n acostumbrados a trabajar con estabilidad\u201d.<\/p>\n<p>En efecto, indic\u00f3 que la estabilidad hace que &#8220;uno sepa que, si compr\u00f3 determinado producto a tal precio, se sorprender\u00e1 si est\u00e1 m\u00e1s caro o m\u00e1s barato y se pierde el precio del valor relativo de los productos\u201d.<\/p>\n<p>De acuerdo al titular de la UIER, \u201cseg\u00fan una encuesta de la Uni\u00f3n Industrial Argentina, el 60% del sector es optimista y cree que puede mejorar\u201d. De hecho, mencion\u00f3 que, para el sector automotriz, \u201cfue el mejor agosto de los \u00faltimos cinco a\u00f1os\u201d; y atribuy\u00f3 tales variaciones \u201ca la vuelta del cr\u00e9dito\u201d.<\/p>\n<p>&nbsp;<\/p>\n<p><strong>Pol\u00edtica<\/strong><\/p>\n<p>Bourdin calific\u00f3 como \u201cbuena\u201d a la relaci\u00f3n con el gobernador Rogelio Frigerio. \u201cTrabajamos mucho por una nueva ley de promoci\u00f3n industrial, que es la que est\u00e1 vigente y se vot\u00f3 por unanimidad; y la reglamentaci\u00f3n se logr\u00f3 en tiempo record con esta gesti\u00f3n de gobierno\u201d, sintetiz\u00f3 al ponderar que la nueva normativa implica \u201cun cambio en la matriz productiva de la provincia\u201d.<\/p>\n<p>Seg\u00fan el dirigente, a pesar de los 700 despidos, \u201cel conjunto de medidas dar\u00e1 sus resultados a ocho o diez a\u00f1os\u201d.<\/p>\n<p>De igual, mencion\u00f3 que, \u201cen relaci\u00f3n a enero, el sector industrial paga seis veces m\u00e1s por el servicio de energ\u00eda el\u00e9ctrica y a las industrias que son electro-intensivas las golpea mucho\u201d.<\/p>\n","protected":false},"excerpt":{"rendered":"<p>La industria perdi\u00f3 puestos de empleo en Entre R\u00edos. Seg\u00fan se indic\u00f3, hay 31.700 trabajadores industriales en Entre R\u00edos y el porcentaje de p\u00e9rdida representa 700 puestos laborales menos en el rubro &nbsp; &nbsp; \u201cLa industria perdi\u00f3 el 1.8 de puestos de empleo en la provincia\u201d, as\u00ed lo asegur\u00f3 el presidente de la Uni\u00f3n Industrial de Entre R\u00edos, Gabriel Bourdin. Seg\u00fan especific\u00f3, hay 31.700 trabajadores industriales y el porcentaje representa, aproximadamente, 700 puestos laborales menos en el rubro. De igual manera, el dirigente industrial asegur\u00f3 que el sector \u201csostendr\u00e1 a&#8230;<\/p>\n","protected":false},"author":3,"featured_media":120238,"comment_status":"closed","ping_status":"closed","sticky":false,"template":"","format":"standard","meta":[],"categories":[9],"tags":[],"_links":{"self":[{"href":"https:\/\/www.actualidadadiario.com\/index.php\/wp-json\/wp\/v2\/posts\/120237"}],"collection":[{"href":"https:\/\/www.actualidadadiario.com\/index.php\/wp-json\/wp\/v2\/posts"}],"about":[{"href":"https:\/\/www.actualidadadiario.com\/index.php\/wp-json\/wp\/v2\/types\/post"}],"author":[{"embeddable":true,"href":"https:\/\/www.actualidadadiario.com\/index.php\/wp-json\/wp\/v2\/users\/3"}],"replies":[{"embeddable":true,"href":"https:\/\/www.actualidadadiario.com\/index.php\/wp-json\/wp\/v2\/comments?post=120237"}],"version-history":[{"count":1,"href":"https:\/\/www.actualidadadiario.com\/index.php\/wp-json\/wp\/v2\/posts\/120237\/revisions"}],"predecessor-version":[{"id":120239,"href":"https:\/\/www.actualidadadiario.com\/index.php\/wp-json\/wp\/v2\/posts\/120237\/revisions\/120239"}],"wp:featuredmedia":[{"embeddable":true,"href":"https:\/\/www.actualidadadiario.com\/index.php\/wp-json\/wp\/v2\/media\/120238"}],"wp:attachment":[{"href":"https:\/\/www.actualidadadiario.com\/index.php\/wp-json\/wp\/v2\/media?parent=120237"}],"wp:term":[{"taxonomy":"category","embeddable":true,"href":"https:\/\/www.actualidadadiario.com\/index.php\/wp-json\/wp\/v2\/categories?post=120237"},{"taxonomy":"post_tag","embeddable":true,"href":"https:\/\/www.actualidadadiario.com\/index.php\/wp-json\/wp\/v2\/tags?post=120237"}],"curies":[{"name":"wp","href":"https:\/\/api.w.org\/{rel}","templated":true}]}}