{"id":120224,"date":"2024-09-17T15:03:57","date_gmt":"2024-09-17T18:03:57","guid":{"rendered":"https:\/\/www.actualidadadiario.com\/?p=120224"},"modified":"2024-09-17T15:03:57","modified_gmt":"2024-09-17T18:03:57","slug":"brasil-sufre-terrorismo-climatico-con-incendios-intencionales","status":"publish","type":"post","link":"https:\/\/www.actualidadadiario.com\/index.php\/2024\/09\/17\/brasil-sufre-terrorismo-climatico-con-incendios-intencionales\/","title":{"rendered":"Brasil sufre &#8220;terrorismo clim\u00e1tico&#8221; con incendios intencionales"},"content":{"rendered":"<p style=\"text-align: center;\"><em><strong>La ministra de Medio Ambiente y Cambio Clim\u00e1tico de Brasil, Marina Silva, afirm\u00f3 que el pa\u00eds es v\u00edctima de un &#8220;terrorismo clim\u00e1tico&#8221; ejecutado por personas que act\u00faan deliberadamente para crear el caos, incendiando bosques y actividades productivas<\/strong><\/em><\/p>\n<p>&nbsp;<\/p>\n<p>&nbsp;<\/p>\n<p>&#8220;Hay una prohibici\u00f3n nacional del uso del fuego, pero hay quienes est\u00e1n llevando a cabo un verdadero terrorismo clim\u00e1tico&#8221;, asegur\u00f3 Silva ante la prensa, al ser consultada por los centenares de incendios que desde hace semanas afectan el territorio brasile\u00f1o.<\/p>\n<p>Incluso, este martes lanz\u00f3 una grave advertencia cuando expres\u00f3: &#8220;En un contexto como este, de un \u00e1rea de cinco millones de kil\u00f3metros cuadrados [el 60% de la superficie de Brasil] con materia org\u00e1nica muy seca en proceso de combusti\u00f3n muy f\u00e1cil por la baja humedad, por las altas temperaturas y la velocidad de los vientos (\u2026) Es como si tuvi\u00e9semos una situaci\u00f3n de riesgo en todo el territorio nacional&#8221;, afirm\u00f3. Esta \u00faltima declaraci\u00f3n la brind\u00f3 al programa de radio estatal &#8220;Buenos D\u00edas Ministra&#8221;.<\/p>\n<p>Silva se\u00f1al\u00f3 que ya se detuvo a m\u00e1s de 20 personas, que hay 50 investigaciones abiertas y es probable que haya individuos entre bastidores alentando los cr\u00edmenes, lo que puede ser descubierto a trav\u00e9s de pesquisas y trabajos de inteligencia. &#8220;Por eso es tan importante el trabajo de la Polic\u00eda Federal. Tenemos que seguir investigando con un trabajo combinado de inteligencia, porque as\u00ed podremos saber de d\u00f3nde viene esta motivaci\u00f3n&#8221;, subray\u00f3 la ministra.<\/p>\n<p>La funcionaria equipar\u00f3 los incendios con los hechos ocurridos el 8 de enero de 2023 cuando ocurri\u00f3 el asalto a las sedes de los tres poderes del pa\u00eds sudamericano. &#8220;Pr\u00e1cticamente estoy comparando lo que est\u00e1 ocurriendo con el 8 de enero&#8221;, asever\u00f3 la funcionaria.<\/p>\n<p>La ministra subray\u00f3 que los da\u00f1os por las conflagraciones en el estado de S\u00e3o Paulo ascienden ya a 2.000 millones de reales (unos 360 millones de d\u00f3lares) para los agricultores, especialmente los de la ca\u00f1a de az\u00facar. Seg\u00fan datos de la responsable de la cartera ambiental ya se quemaron 900.000 hect\u00e1reas de zonas agr\u00edcolas y ganaderas, 1,4 millones de hect\u00e1reas de pastos y un mill\u00f3n de hect\u00e1reas de zonas forestales.<\/p>\n<p>&#8220;Un bosque h\u00famedo no se incendia, porque el fuego empieza y el propio bosque se las arregla para apagarlo. Como ya estamos experimentando los efectos del cambio clim\u00e1tico, es probable que el bosque est\u00e9 perdiendo humedad, como dicen los cient\u00edficos, y que alrededor del 32 por ciento de los incendios se est\u00e1n provocando intencionadamente para degradar el propio bosque&#8221;, agreg\u00f3 Silva.<\/p>\n<p>La responsable de Medio Ambiente abog\u00f3 por el endurecimiento de las penas para los que cometieron este tipo de delito, que actualmente oscilan entre uno y cuatro a\u00f1os de prisi\u00f3n. &#8220;No es posible que ante una de las mayores sequ\u00edas de toda la historia de nuestro continente y de nuestro pa\u00eds, y con la prohibici\u00f3n existente, las personas sigan provocando incendios. Esto causa un gran da\u00f1o a la salud p\u00fablica, al medio ambiente, a nuestros sistemas productivos y no hace m\u00e1s que agravar el problema del cambio clim\u00e1tico&#8221;, afirm\u00f3.<\/p>\n<p>&nbsp;<\/p>\n<p><strong>Oscuro amanecer<\/strong><\/p>\n<p>La capital de Brasil hab\u00eda amanecido este lunes cubierto de ceniza y con una densa capa de humo debido al intenso incendio que se registra desde el domingo en el Parque Nacional de Brasilia, donde el fuego ya consumi\u00f3 m\u00e1s de 1.200 hect\u00e1reas y dejaron a varios bomberos heridos, informe a las autoridades locales.<\/p>\n<p>&#8220;El incendio tuvo una propagaci\u00f3n muy r\u00e1pida, violenta e intensa (&#8230;) el trabajo hoy es el de colocar profesionales en el campo para evitar el reinicio del fuego en los sitios donde hubo combate ayer y apagar los bosquecitos&#8221;, explic\u00f3 a los medios el coordinador de manejo integral de fuego del Instituto Chico Mendes para la Conservaci\u00f3n de la Biodiversidad (ICMBio), Joao Morita.<\/p>\n<p>El especialista apunt\u00f3 que el inicio del incendio probablemente fue provocado y debido al tiempo de sequ\u00eda las llamas se extendieron de manera r\u00e1pida.<\/p>\n<p>La situaci\u00f3n en la capital brasile\u00f1a se agrav\u00f3 por la falta de lluvia y la baja humedad, al cumplir la urbe este lunes unas 20 semanas sin precipitaciones, al tiempo que la humedad es inferior al 15 por ciento y las temperaturas superiores a los 30 grados Celsius.<\/p>\n<p>El clima de sequ\u00eda contribuy\u00f3 tambi\u00e9n a la r\u00e1pida expansi\u00f3n del humo y ceniza en el Distrito Federal de Brasil, situaci\u00f3n que dificulta la respiraci\u00f3n entre la poblaci\u00f3n, sobre todo en la zona pr\u00f3xima al Parque Nacional.<\/p>\n<p>En algunos barrios de la zona norte de Brasilia, la visibilidad en las calles era tan baja a las primeras horas de este lunes que los conductores ten\u00edan dificultad para transitar, mientras que decenas de elementos de bomberos y voluntarios se desplazaron a la zona afectada para intentar combatir el fuego.<\/p>\n","protected":false},"excerpt":{"rendered":"<p>La ministra de Medio Ambiente y Cambio Clim\u00e1tico de Brasil, Marina Silva, afirm\u00f3 que el pa\u00eds es v\u00edctima de un &#8220;terrorismo clim\u00e1tico&#8221; ejecutado por personas que act\u00faan deliberadamente para crear el caos, incendiando bosques y actividades productivas &nbsp; &nbsp; &#8220;Hay una prohibici\u00f3n nacional del uso del fuego, pero hay quienes est\u00e1n llevando a cabo un verdadero terrorismo clim\u00e1tico&#8221;, asegur\u00f3 Silva ante la prensa, al ser consultada por los centenares de incendios que desde hace semanas afectan el territorio brasile\u00f1o. Incluso, este martes lanz\u00f3 una grave advertencia cuando expres\u00f3: &#8220;En un&#8230;<\/p>\n","protected":false},"author":3,"featured_media":120225,"comment_status":"closed","ping_status":"closed","sticky":false,"template":"","format":"standard","meta":[],"categories":[4],"tags":[],"_links":{"self":[{"href":"https:\/\/www.actualidadadiario.com\/index.php\/wp-json\/wp\/v2\/posts\/120224"}],"collection":[{"href":"https:\/\/www.actualidadadiario.com\/index.php\/wp-json\/wp\/v2\/posts"}],"about":[{"href":"https:\/\/www.actualidadadiario.com\/index.php\/wp-json\/wp\/v2\/types\/post"}],"author":[{"embeddable":true,"href":"https:\/\/www.actualidadadiario.com\/index.php\/wp-json\/wp\/v2\/users\/3"}],"replies":[{"embeddable":true,"href":"https:\/\/www.actualidadadiario.com\/index.php\/wp-json\/wp\/v2\/comments?post=120224"}],"version-history":[{"count":1,"href":"https:\/\/www.actualidadadiario.com\/index.php\/wp-json\/wp\/v2\/posts\/120224\/revisions"}],"predecessor-version":[{"id":120226,"href":"https:\/\/www.actualidadadiario.com\/index.php\/wp-json\/wp\/v2\/posts\/120224\/revisions\/120226"}],"wp:featuredmedia":[{"embeddable":true,"href":"https:\/\/www.actualidadadiario.com\/index.php\/wp-json\/wp\/v2\/media\/120225"}],"wp:attachment":[{"href":"https:\/\/www.actualidadadiario.com\/index.php\/wp-json\/wp\/v2\/media?parent=120224"}],"wp:term":[{"taxonomy":"category","embeddable":true,"href":"https:\/\/www.actualidadadiario.com\/index.php\/wp-json\/wp\/v2\/categories?post=120224"},{"taxonomy":"post_tag","embeddable":true,"href":"https:\/\/www.actualidadadiario.com\/index.php\/wp-json\/wp\/v2\/tags?post=120224"}],"curies":[{"name":"wp","href":"https:\/\/api.w.org\/{rel}","templated":true}]}}