{"id":120217,"date":"2024-09-17T14:41:52","date_gmt":"2024-09-17T17:41:52","guid":{"rendered":"https:\/\/www.actualidadadiario.com\/?p=120217"},"modified":"2024-09-17T14:41:52","modified_gmt":"2024-09-17T17:41:52","slug":"de-loredo-trata-que-los-radicales-libertarios-no-vayan-al-asado-de-milei-para-evitar-que-se-parta-el-bloque","status":"publish","type":"post","link":"https:\/\/www.actualidadadiario.com\/index.php\/2024\/09\/17\/de-loredo-trata-que-los-radicales-libertarios-no-vayan-al-asado-de-milei-para-evitar-que-se-parta-el-bloque\/","title":{"rendered":"De Loredo trata que los radicales libertarios no vayan al asado de Milei para evitar que se parta el bloque"},"content":{"rendered":"<p style=\"text-align: center;\"><strong><em>El jefe del bloque resiste la embestida de los legisladores que responden a Manes y Lousteau. &#8220;La UCR puede partirse en dos o tres pedazos&#8221;, dijo un diputado<\/em><\/strong><\/p>\n<p>&nbsp;<\/p>\n<p>&nbsp;<\/p>\n<p>El diputado Rodrigo De Loredo planea pedirles a los cinco legisladores de su bloque que visitaron a Javier Milei y apoyaron el veto contra los jubilados que no vayan este martes al asado organizado por el Presidente en la Quinta de Olivos. Su c\u00e1lculo es que podr\u00eda contener &#8220;a los moderados&#8221; si logra que no asistan a la cena aunque no pueda mitigar la furia de sus rivales internos, encabezados por Facundo Manes y los legisladores que responden a Emiliano Yacobitti.<\/p>\n<p>Sin embargo, uno de los diputados que se mantiene equidistante entre los &#8220;radicales libertarios&#8221; y &#8220;los que votan con el kirchnerismo&#8221;, tal como se etiqueta a la tropa de Manes, admiti\u00f3 que a la reuni\u00f3n de bloque prevista para esta tarde entran como integrantes de una sola bancada pero saldr\u00edan como integrantes de tres distintas. &#8220;La UCR puede partirse en dos o tres pedazos antes del asado&#8221;, expres\u00f3.<\/p>\n<p>La bancada de la UCR cuenta con 33 miembros, luego de que Pedro Galimberti renunciara para asumir como director en la represa de Salto Grande por un acuerdo con el gobernador entrerriano, Rogelio Frigerio. De ese total, cinco responden al neurocirujano y otros cinco se identifican con el senador y presidente del partido, Mart\u00edn Lousteau.<\/p>\n<p>De Loredo, por su parte, contar\u00eda con el respaldo de otra decena de legisladores. El resto estar\u00eda pendiente del curso del debate que se desarrollar\u00eda en la reuni\u00f3n de bloque.<\/p>\n<p>Cerca del cordob\u00e9s dijeron que van &#8220;a bancar&#8221; al grupo de los 5 visitantes de la Casa Rosada pero esperan que no vayan a la Residencia Presidencial. &#8220;No puede ser que en la Convenci\u00f3n, que est\u00e1 presidida por gente que no es radical, nos digan c\u00f3mo tenemos que manejarnos en el bloque&#8221;, sostuvieron, y agregaron: &#8220;vamos a pedirles que la dejen pasar y no vayan al asado&#8221;.<\/p>\n<p>La lupa est\u00e1 puesta sobre Mariano Campero, Luis Picat, Mart\u00edn Arjol, Pablo Cervi y Jos\u00e9 Federico Tournier. Uno de ellos admiti\u00f3 ante LPO que la decisi\u00f3n de ir o no al asado con Milei &#8220;depende de lo que pase en la reuni\u00f3n de bloque pero a alguno de nosotros vamos a mandar&#8221;.<\/p>\n<p>Fuentes del Congreso revelaron que, m\u00e1s all\u00e1 de la expulsi\u00f3n del bloque que pretenden los de Manes y Lousteau, &#8220;es in\u00e9dito que el partido suspenda la afiliaci\u00f3n de un legislador siendo que la UCR ha tenido dirigentes que han sido candidatos por otros partidos&#8221;. &#8220;No hay antecedentes de una barbaridad as\u00ed&#8221;, bramaban.<\/p>\n","protected":false},"excerpt":{"rendered":"<p>El jefe del bloque resiste la embestida de los legisladores que responden a Manes y Lousteau. &#8220;La UCR puede partirse en dos o tres pedazos&#8221;, dijo un diputado &nbsp; &nbsp; El diputado Rodrigo De Loredo planea pedirles a los cinco legisladores de su bloque que visitaron a Javier Milei y apoyaron el veto contra los jubilados que no vayan este martes al asado organizado por el Presidente en la Quinta de Olivos. Su c\u00e1lculo es que podr\u00eda contener &#8220;a los moderados&#8221; si logra que no asistan a la cena aunque&#8230;<\/p>\n","protected":false},"author":3,"featured_media":120025,"comment_status":"closed","ping_status":"closed","sticky":false,"template":"","format":"standard","meta":[],"categories":[18],"tags":[],"_links":{"self":[{"href":"https:\/\/www.actualidadadiario.com\/index.php\/wp-json\/wp\/v2\/posts\/120217"}],"collection":[{"href":"https:\/\/www.actualidadadiario.com\/index.php\/wp-json\/wp\/v2\/posts"}],"about":[{"href":"https:\/\/www.actualidadadiario.com\/index.php\/wp-json\/wp\/v2\/types\/post"}],"author":[{"embeddable":true,"href":"https:\/\/www.actualidadadiario.com\/index.php\/wp-json\/wp\/v2\/users\/3"}],"replies":[{"embeddable":true,"href":"https:\/\/www.actualidadadiario.com\/index.php\/wp-json\/wp\/v2\/comments?post=120217"}],"version-history":[{"count":1,"href":"https:\/\/www.actualidadadiario.com\/index.php\/wp-json\/wp\/v2\/posts\/120217\/revisions"}],"predecessor-version":[{"id":120218,"href":"https:\/\/www.actualidadadiario.com\/index.php\/wp-json\/wp\/v2\/posts\/120217\/revisions\/120218"}],"wp:featuredmedia":[{"embeddable":true,"href":"https:\/\/www.actualidadadiario.com\/index.php\/wp-json\/wp\/v2\/media\/120025"}],"wp:attachment":[{"href":"https:\/\/www.actualidadadiario.com\/index.php\/wp-json\/wp\/v2\/media?parent=120217"}],"wp:term":[{"taxonomy":"category","embeddable":true,"href":"https:\/\/www.actualidadadiario.com\/index.php\/wp-json\/wp\/v2\/categories?post=120217"},{"taxonomy":"post_tag","embeddable":true,"href":"https:\/\/www.actualidadadiario.com\/index.php\/wp-json\/wp\/v2\/tags?post=120217"}],"curies":[{"name":"wp","href":"https:\/\/api.w.org\/{rel}","templated":true}]}}