{"id":120213,"date":"2024-09-17T14:39:43","date_gmt":"2024-09-17T17:39:43","guid":{"rendered":"https:\/\/www.actualidadadiario.com\/?p=120213"},"modified":"2024-09-17T14:40:06","modified_gmt":"2024-09-17T17:40:06","slug":"primera-presentacion-contra-el-veto-de-javier-milei-a-la-reforma-jubilatoria","status":"publish","type":"post","link":"https:\/\/www.actualidadadiario.com\/index.php\/2024\/09\/17\/primera-presentacion-contra-el-veto-de-javier-milei-a-la-reforma-jubilatoria\/","title":{"rendered":"Primera presentaci\u00f3n contra el veto de Javier Milei a la reforma jubilatoria"},"content":{"rendered":"<p style=\"text-align: center;\"><em><strong>Dos jubilados pidieron la inconstitucionalidad del decreto que vet\u00f3 la ley de movilidad jubilatoria. Adelantaron que ir\u00e1n hasta la Corte, en caso de ser necesario<\/strong><\/em><\/p>\n<p>&nbsp;<\/p>\n<p>&nbsp;<\/p>\n<p>Dos jubilados pidieron la inconstitucionalidad del decreto que vet\u00f3 la ley de movilidad jubilatoria. Adelantaron que ir\u00e1n hasta la Corte Suprema, en caso de ser necesario. La medida busca dejar sin efecto la decisi\u00f3n de Javier Milei, que caus\u00f3 protestas y reclamos en el Congreso la semana pasada.<\/p>\n<p>Los jubilados se presentaron a la justicia con el patrocinio de los abogados Andr\u00e9s Gil Dom\u00ednguez y Eugenio Semino, defensor de la Tercera Edad.<\/p>\n<p>RR y MLG, ambos jubilados, interpusieron una acci\u00f3n para que se declare la inconstitucionalidad del Decreto 782\/24, mediante el cual el Poder Ejecutivo Nacional vet\u00f3 la Ley 27.756, que dispon\u00eda modificaciones al r\u00e9gimen previsional que eran favorables a jubilados.<\/p>\n<p>&nbsp;<\/p>\n<p><strong>Veto a la reforma jubilatoria de Milei: la primera presentaci\u00f3n judicial<\/strong><\/p>\n<p>En la presentaci\u00f3n, los letrados denunciaron \u201cgravedad institucional\u201d, y se reservaron el derecho de acudir ante la Corte Suprema de Justicia de la Naci\u00f3n.<\/p>\n<p>El escrito advierte que el Poder Ejecutivo con el veto afecta \u201cel derecho a la seguridad social respecto de la movilidad y compensaci\u00f3n de las prestaciones jubilatorias\u201d, establecido en la Constituci\u00f3n Nacional. Para los accionantes, el decreto es \u201cinv\u00e1lido\u201d ya que carece de fundamentaci\u00f3n.<\/p>\n<p>Los accionantes realizaron apreciaciones t\u00e9cnicas sobre la f\u00f3rmula de la ley que beneficiaba a los jubilados. Tambi\u00e9n se refirieron al bono, que en la ley hab\u00eda sido incorporado al haber jubilatorio y al cual se le aplicaba la f\u00f3rmula de movilidad, y que de esa manera se eliminaba la potestad discrecional del Poder Ejecutivo en establecer el monto de los suplementos o bonos.<\/p>\n<p>Sostuvieron que el veto presidencial sobre el aumento de las jubilaciones que hab\u00eda dispuesto la ley vulner\u00f3 derechos constitucionales como el derecho a la seguridad social respecto de la movilidad y compensaci\u00f3n de las prestaciones jubilatorias (art\u00edculo 14 \u201cbis\u201d de la Constituci\u00f3n argentina)<\/p>\n<p>Tambi\u00e9n afect\u00f3 el art\u00edculo 9 del Pacto Internacional de derechos econ\u00f3micos, sociales y culturales y art\u00edculo 17 de la Convenci\u00f3n Interamericana sobre la protecci\u00f3n de los derechos humanos de las personas mayores.<\/p>\n<p>Adem\u00e1s vulnera el principio de razonabilidad (art\u00edculo 28 de la Constituci\u00f3n argentina), el principio de progresividad y no regresividad del sistema de derechos (art\u00edculo 75 inciso 22 de la Constituci\u00f3n argentina).<\/p>\n<p>Finalmente solicitaron se haga lugar a la demanda y que se declare la \u201cinconstitucionalidad e inconvencionalidad del Decreto 782\/2024, ordenando al Poder Ejecutivo Nacional que promulgue el proyecto de ley registrado bajo el N\u00b0 27.756\u201d.<\/p>\n","protected":false},"excerpt":{"rendered":"<p>Dos jubilados pidieron la inconstitucionalidad del decreto que vet\u00f3 la ley de movilidad jubilatoria. Adelantaron que ir\u00e1n hasta la Corte, en caso de ser necesario &nbsp; &nbsp; Dos jubilados pidieron la inconstitucionalidad del decreto que vet\u00f3 la ley de movilidad jubilatoria. Adelantaron que ir\u00e1n hasta la Corte Suprema, en caso de ser necesario. La medida busca dejar sin efecto la decisi\u00f3n de Javier Milei, que caus\u00f3 protestas y reclamos en el Congreso la semana pasada. Los jubilados se presentaron a la justicia con el patrocinio de los abogados Andr\u00e9s Gil&#8230;<\/p>\n","protected":false},"author":3,"featured_media":120103,"comment_status":"closed","ping_status":"closed","sticky":false,"template":"","format":"standard","meta":[],"categories":[18],"tags":[],"_links":{"self":[{"href":"https:\/\/www.actualidadadiario.com\/index.php\/wp-json\/wp\/v2\/posts\/120213"}],"collection":[{"href":"https:\/\/www.actualidadadiario.com\/index.php\/wp-json\/wp\/v2\/posts"}],"about":[{"href":"https:\/\/www.actualidadadiario.com\/index.php\/wp-json\/wp\/v2\/types\/post"}],"author":[{"embeddable":true,"href":"https:\/\/www.actualidadadiario.com\/index.php\/wp-json\/wp\/v2\/users\/3"}],"replies":[{"embeddable":true,"href":"https:\/\/www.actualidadadiario.com\/index.php\/wp-json\/wp\/v2\/comments?post=120213"}],"version-history":[{"count":1,"href":"https:\/\/www.actualidadadiario.com\/index.php\/wp-json\/wp\/v2\/posts\/120213\/revisions"}],"predecessor-version":[{"id":120214,"href":"https:\/\/www.actualidadadiario.com\/index.php\/wp-json\/wp\/v2\/posts\/120213\/revisions\/120214"}],"wp:featuredmedia":[{"embeddable":true,"href":"https:\/\/www.actualidadadiario.com\/index.php\/wp-json\/wp\/v2\/media\/120103"}],"wp:attachment":[{"href":"https:\/\/www.actualidadadiario.com\/index.php\/wp-json\/wp\/v2\/media?parent=120213"}],"wp:term":[{"taxonomy":"category","embeddable":true,"href":"https:\/\/www.actualidadadiario.com\/index.php\/wp-json\/wp\/v2\/categories?post=120213"},{"taxonomy":"post_tag","embeddable":true,"href":"https:\/\/www.actualidadadiario.com\/index.php\/wp-json\/wp\/v2\/tags?post=120213"}],"curies":[{"name":"wp","href":"https:\/\/api.w.org\/{rel}","templated":true}]}}