{"id":120207,"date":"2024-09-17T13:25:55","date_gmt":"2024-09-17T16:25:55","guid":{"rendered":"https:\/\/www.actualidadadiario.com\/?p=120207"},"modified":"2024-09-17T14:40:54","modified_gmt":"2024-09-17T17:40:54","slug":"milei-agasajara-en-olivos-con-un-asado-a-los-87-heroes-que-blindaron-el-veto-a-la-ley-jubilatoria","status":"publish","type":"post","link":"https:\/\/www.actualidadadiario.com\/index.php\/2024\/09\/17\/milei-agasajara-en-olivos-con-un-asado-a-los-87-heroes-que-blindaron-el-veto-a-la-ley-jubilatoria\/","title":{"rendered":"Los &#8220;87 h\u00e9roes&#8221; que blindaron el decreto de jubilaciones deber\u00e1n pagar por el asado en la Quinta de Olivos"},"content":{"rendered":"<p style=\"text-align: center;\"><em><strong>Lo confirm\u00f3 el vocero presidencial, Manuel Adorni, en sus redes sociales. El \u00e1gape est\u00e1 destinado a los diputados que votaron en sinton\u00eda con el Gobierno, y tendr\u00e1 un costo de $20 mil por persona<\/strong><\/em><\/p>\n<p>&nbsp;<\/p>\n<p>&nbsp;<\/p>\n<p>Ante el malestar creciente sobre la celebraci\u00f3n del presidente Javier Milei a los &#8220;87 h\u00e9roes&#8221; que blindaron el decreto de jubilaciones, el vocero presidencial Manuel Adorni sali\u00f3 a aclarar que cada uno de los invitados abonar\u00e1 por su cubierto.<\/p>\n<p>&#8220;Ante algunas versiones disparatadas sobre la cena que se realizar\u00e1 hoy en la Quinta de Olivos, les cuento que la misma ser\u00e1 abonada por cada uno de los comensales&#8221;, public\u00f3 el funcionario en su cuenta de la red social X.<\/p>\n<p>&#8220;El costo ser\u00e1 de $20.000 por persona y lo abonaremos con tarjeta de d\u00e9bito (no se aceptar\u00e1 pago en efectivo). Fin&#8221;, complet\u00f3.<\/p>\n<p>La semana pasada, los legisladores oficialistas y un grupo de aliados conformaron un frente de contenci\u00f3n en favor del mandatario para respaldar su decisi\u00f3n de rechazar, mediante un decreto de veto, la ley de Movilidad Jubilatoria sancionada por el Congreso con dos tercios de ambas c\u00e1maras.<\/p>\n<p>El jefe de Estado se mostr\u00f3 agradecido por el apoyo proveniente del bloque del PRO y de un grupo de radicales que, en menos de un mes, votaron en favor de la ley pero luego revisaron su posici\u00f3n y se pronunciaron contra su promulgaci\u00f3n. Por ese motivo, decidi\u00f3 agasajar a los diputados con una cena.<\/p>\n<p>El asado se llevar\u00e1 a cabo este martes por la noche, a partir de las 19 horas, en la residencia presidencial ubicada en Olivos. All\u00ed recibir\u00e1 a los 87 diputados, a los que calific\u00f3 como &#8220;h\u00e9roes&#8221; por apoyar el rechazo de la ley &#8220;en defensa del equilibrio fiscal&#8221;. &#8220;Hoy 87 h\u00e9roes le pusieron un freno a los degenerados fiscales que intentaron destruir el super\u00e1vit fiscal\u201d, dijo la semana pasada.<\/p>\n<p>Previo a la sesi\u00f3n en el recinto, el propio Milei se puso al frente de la negociaci\u00f3n para intentar convencer a los diputados. El mandatario recibi\u00f3 a un grupo de cinco radicales que finalmente fueron clave en la votaci\u00f3n final. Se trata de Mariano Campero, Luis Albino Picat, Michel Tournier, Pablo Cervi y Mart\u00edn Arjol, quienes hab\u00edan apoyado la ley. Tras la reuni\u00f3n con el jefe de Estado, decidieron cambiar su postura y apoyar al Gobierno.<\/p>\n<p>El Ejecutivo nacional logr\u00f3 sostener el veto en una sesi\u00f3n que finaliz\u00f3 con 153 votos afirmativos, 87 negativos y 8 abstenciones. El resultado fue favorable para el oficialismo, dado que logr\u00f3 restarle apoyo a la oposici\u00f3n, la cual necesitaba sostener los 160 votos que aprobaron la ley.<\/p>\n","protected":false},"excerpt":{"rendered":"<p>Lo confirm\u00f3 el vocero presidencial, Manuel Adorni, en sus redes sociales. El \u00e1gape est\u00e1 destinado a los diputados que votaron en sinton\u00eda con el Gobierno, y tendr\u00e1 un costo de $20 mil por persona &nbsp; &nbsp; Ante el malestar creciente sobre la celebraci\u00f3n del presidente Javier Milei a los &#8220;87 h\u00e9roes&#8221; que blindaron el decreto de jubilaciones, el vocero presidencial Manuel Adorni sali\u00f3 a aclarar que cada uno de los invitados abonar\u00e1 por su cubierto. &#8220;Ante algunas versiones disparatadas sobre la cena que se realizar\u00e1 hoy en la Quinta de&#8230;<\/p>\n","protected":false},"author":3,"featured_media":120208,"comment_status":"closed","ping_status":"closed","sticky":false,"template":"","format":"standard","meta":[],"categories":[18],"tags":[],"_links":{"self":[{"href":"https:\/\/www.actualidadadiario.com\/index.php\/wp-json\/wp\/v2\/posts\/120207"}],"collection":[{"href":"https:\/\/www.actualidadadiario.com\/index.php\/wp-json\/wp\/v2\/posts"}],"about":[{"href":"https:\/\/www.actualidadadiario.com\/index.php\/wp-json\/wp\/v2\/types\/post"}],"author":[{"embeddable":true,"href":"https:\/\/www.actualidadadiario.com\/index.php\/wp-json\/wp\/v2\/users\/3"}],"replies":[{"embeddable":true,"href":"https:\/\/www.actualidadadiario.com\/index.php\/wp-json\/wp\/v2\/comments?post=120207"}],"version-history":[{"count":2,"href":"https:\/\/www.actualidadadiario.com\/index.php\/wp-json\/wp\/v2\/posts\/120207\/revisions"}],"predecessor-version":[{"id":120216,"href":"https:\/\/www.actualidadadiario.com\/index.php\/wp-json\/wp\/v2\/posts\/120207\/revisions\/120216"}],"wp:featuredmedia":[{"embeddable":true,"href":"https:\/\/www.actualidadadiario.com\/index.php\/wp-json\/wp\/v2\/media\/120208"}],"wp:attachment":[{"href":"https:\/\/www.actualidadadiario.com\/index.php\/wp-json\/wp\/v2\/media?parent=120207"}],"wp:term":[{"taxonomy":"category","embeddable":true,"href":"https:\/\/www.actualidadadiario.com\/index.php\/wp-json\/wp\/v2\/categories?post=120207"},{"taxonomy":"post_tag","embeddable":true,"href":"https:\/\/www.actualidadadiario.com\/index.php\/wp-json\/wp\/v2\/tags?post=120207"}],"curies":[{"name":"wp","href":"https:\/\/api.w.org\/{rel}","templated":true}]}}