{"id":120202,"date":"2024-09-17T13:14:05","date_gmt":"2024-09-17T16:14:05","guid":{"rendered":"https:\/\/www.actualidadadiario.com\/?p=120202"},"modified":"2024-09-17T13:14:05","modified_gmt":"2024-09-17T16:14:05","slug":"caputo-contradijo-a-milei-y-espert-tuvo-que-blanquear-que-el-ajuste-exigido-a-las-provincias-es-tres-veces-menor","status":"publish","type":"post","link":"https:\/\/www.actualidadadiario.com\/index.php\/2024\/09\/17\/caputo-contradijo-a-milei-y-espert-tuvo-que-blanquear-que-el-ajuste-exigido-a-las-provincias-es-tres-veces-menor\/","title":{"rendered":"Caputo contradijo a Milei y Espert tuvo que blanquear que el ajuste exigido a las provincias es tres veces menor"},"content":{"rendered":"<p style=\"text-align: center;\"><em><strong>En una reuni\u00f3n con los gobernadores el ministro de Econom\u00eda relativiz\u00f3 el ajuste que pidi\u00f3 el Presidente, por lo que el diputado libertario tuvo que aclarar que el recorte que le piden a las provincias y municipios es de USD 20 mil millones y no de 60 mil millones<\/strong><\/em><\/p>\n<p>&nbsp;<\/p>\n<p>&nbsp;<\/p>\n<p>Con poca audiencia y algunas afirmaciones falsas, Javier Milei present\u00f3 el Presupuesto 2025 el domingo pasado y les pidi\u00f3 a los gobernadores un ajuste de 60.000 millones de d\u00f3lares. Sin embargo, Luis \u201cToto\u201d Caputo contradijo al Presidente y Jos\u00e9 Luis Espert tuvo que salir a aclarar que el recorte que piden en realidad es de 20.000 millones de d\u00f3lares.<\/p>\n<p>Esta ma\u00f1ana, el diputado nacional de La Libertad Avanza Jos\u00e9 Luis Espert se\u00f1al\u00f3 que el recorte de gastos a intendentes y gobernadores que pide el Gobierno es de 20.000 millones al explicar que el gasto p\u00fablico total, -es decir el gasto de Naci\u00f3n, las provincias y los municipios- alcanza el 33% del Producto Bruto Interno, estimado en 600.000 millones de d\u00f3lares. De ese total, 16% gasta Naci\u00f3n y 14% lo gastan las provincias, es decir, 64.000 millones de d\u00f3lares. \u201cDe ah\u00ed tienen que hacer el recorte, que deber\u00e1 ser USD 20.000 millones\u201d, aclar\u00f3.<\/p>\n<p>\u201cEl recorte, por lo menos, tiene que ser de USD 20.000. Y la Naci\u00f3n tiene que seguir bajando el gasto, todav\u00eda queda gasto para bajar en subsidio en energ\u00eda, y los municipios tambi\u00e9n tienen que bajar el gasto, est\u00e1n abarrotados en muchos casos de \u00f1oquer\u00edo\u201d, consider\u00f3 Espert en declaraciones a Radio Rivadavia donde se\u00f1al\u00f3 que \u201clo que tiene que venir es un gran ajuste de empleo p\u00fablico en provincias y municipios\u201d. \u201cSin la colaboraci\u00f3n de ellos no llega ni en motoneta (al gasto de) 25 puntos del producto (en lugar) del 33 que estamos hoy\u201d, apunt\u00f3.<\/p>\n<p>El Presidente hab\u00eda sostenido el domingo, nuevamente, que la consigna central del Presupuesto 2025 -como la de este a\u00f1o- era el d\u00e9ficit cero. \u201cA los gobernadores les digo, cumplir el compromiso de bajar el gasto p\u00fablico consolidado a 25 puntos del PBI requiere que las provincias en su conjunto hagan un ajuste adicional de 60 mil millones de d\u00f3lares. Nosotros ya hemos cumplido nuestra parte del acuerdo, ahora faltan ustedes\u201d, sostuvo Milei ante el Congreso.<\/p>\n<p>&nbsp;<\/p>\n<p><strong>\u00bfPor qu\u00e9 ahora el Gobierno sale aclararlo y contradice a Milei? <\/strong><\/p>\n<p>Ayer 16 gobernadores tuvieron una reuni\u00f3n con el ministro del Interior, Guillermo Francos, y con el ministro de Econom\u00eda. Del encuentro participaron, ya sea de forma presencial o por zoom, casi todos los mandatarios provinciales, excepto los opositores m\u00e1s duros: Ricardo Quintela (La Rioja), Gustavo Melella (Tierra del Fuego), Gildo Insfr\u00e1n (Formosa) y Axel Kicillof (Buenos Aires), quien ya aclar\u00f3 a trav\u00e9s de Carlos Bianco que no acompa\u00f1ar\u00e1 el ajuste porque \u201cno es lo que la provincia necesita de Buenos Aires\u201d.<\/p>\n<p>Tras el encuentro, el gobernador de Chubut, Ignacio \u201cNacho\u201d Torres, revel\u00f3 que Caputo \u201crelativiz\u00f3 ese n\u00famero\u201d y explic\u00f3 en di\u00e1logo con Radio Mitre que se trata de un objetivo a largo plazo y no de una exigencia urgente. \u201cQued\u00f3 claro, ese n\u00famero no es (los USD 60.000 millones). Se relativiz\u00f3. Es inaplicable, para algunas provincias del norte ese porcentaje representa la totalidad de la coparticipaci\u00f3n. Y es injustificable&#8221;. &#8220;Se relativiz\u00f3 y no lo contemplamos ni siquiera desde un principio\u201d, remarc\u00f3 respecto al pedido de Milei.<\/p>\n","protected":false},"excerpt":{"rendered":"<p>En una reuni\u00f3n con los gobernadores el ministro de Econom\u00eda relativiz\u00f3 el ajuste que pidi\u00f3 el Presidente, por lo que el diputado libertario tuvo que aclarar que el recorte que le piden a las provincias y municipios es de USD 20 mil millones y no de 60 mil millones &nbsp; &nbsp; Con poca audiencia y algunas afirmaciones falsas, Javier Milei present\u00f3 el Presupuesto 2025 el domingo pasado y les pidi\u00f3 a los gobernadores un ajuste de 60.000 millones de d\u00f3lares. Sin embargo, Luis \u201cToto\u201d Caputo contradijo al Presidente y Jos\u00e9&#8230;<\/p>\n","protected":false},"author":3,"featured_media":120203,"comment_status":"closed","ping_status":"closed","sticky":false,"template":"","format":"standard","meta":[],"categories":[18],"tags":[],"_links":{"self":[{"href":"https:\/\/www.actualidadadiario.com\/index.php\/wp-json\/wp\/v2\/posts\/120202"}],"collection":[{"href":"https:\/\/www.actualidadadiario.com\/index.php\/wp-json\/wp\/v2\/posts"}],"about":[{"href":"https:\/\/www.actualidadadiario.com\/index.php\/wp-json\/wp\/v2\/types\/post"}],"author":[{"embeddable":true,"href":"https:\/\/www.actualidadadiario.com\/index.php\/wp-json\/wp\/v2\/users\/3"}],"replies":[{"embeddable":true,"href":"https:\/\/www.actualidadadiario.com\/index.php\/wp-json\/wp\/v2\/comments?post=120202"}],"version-history":[{"count":1,"href":"https:\/\/www.actualidadadiario.com\/index.php\/wp-json\/wp\/v2\/posts\/120202\/revisions"}],"predecessor-version":[{"id":120204,"href":"https:\/\/www.actualidadadiario.com\/index.php\/wp-json\/wp\/v2\/posts\/120202\/revisions\/120204"}],"wp:featuredmedia":[{"embeddable":true,"href":"https:\/\/www.actualidadadiario.com\/index.php\/wp-json\/wp\/v2\/media\/120203"}],"wp:attachment":[{"href":"https:\/\/www.actualidadadiario.com\/index.php\/wp-json\/wp\/v2\/media?parent=120202"}],"wp:term":[{"taxonomy":"category","embeddable":true,"href":"https:\/\/www.actualidadadiario.com\/index.php\/wp-json\/wp\/v2\/categories?post=120202"},{"taxonomy":"post_tag","embeddable":true,"href":"https:\/\/www.actualidadadiario.com\/index.php\/wp-json\/wp\/v2\/tags?post=120202"}],"curies":[{"name":"wp","href":"https:\/\/api.w.org\/{rel}","templated":true}]}}