{"id":120200,"date":"2024-09-17T13:12:58","date_gmt":"2024-09-17T16:12:58","guid":{"rendered":"https:\/\/www.actualidadadiario.com\/?p=120200"},"modified":"2024-09-17T13:12:58","modified_gmt":"2024-09-17T16:12:58","slug":"la-ucr-suspendio-a-los-diputados-que-apoyaron-el-veto-de-javier-milei","status":"publish","type":"post","link":"https:\/\/www.actualidadadiario.com\/index.php\/2024\/09\/17\/la-ucr-suspendio-a-los-diputados-que-apoyaron-el-veto-de-javier-milei\/","title":{"rendered":"La UCR suspendi\u00f3 a los diputados que apoyaron el veto de Javier Milei"},"content":{"rendered":"<p style=\"text-align: center;\"><em><strong>La UCR fundament\u00f3 que los legisladores &#8220;lesionaron la dignidad del partido&#8221; y eval\u00faan su afiliaci\u00f3n<\/strong><\/em><\/p>\n<p>&nbsp;<\/p>\n<p>&nbsp;<\/p>\n<p>La Convenci\u00f3n Nacional de la Uni\u00f3n C\u00edvica Radical (UCR) aprob\u00f3 este lunes la suspensi\u00f3n de los cuatro diputados que votaron a favor del veto presidencial, que rechaz\u00f3 la reforma jubilatoria con aumento para los jubilados y pensionados.<\/p>\n<p>El mi\u00e9rcoles pasado, el Congreso debati\u00f3 el veto a la Ley de Movilidad Jubilatoria. Con 153 votos afirmativos, 87 negativos y 8 abstenciones, la decisi\u00f3n del presidente qued\u00f3 en pie. Para que el veto quedara sin efecto, se necesitaban dos tercios de votos positivos, es decir, 166. Cinco diputados de la UCR que hab\u00edan votado en contra del veto, cambiaron su posici\u00f3n por pedido de Javier Milei.<\/p>\n<p>&nbsp;<\/p>\n<p><strong>Crece la tensi\u00f3n en la interna de la UCR y analizan sanciones<\/strong><\/p>\n<p>Mariano Campero, Mart\u00edn Arjol, Luis Picat y Pablo Cervi son los nombres de las personas que est\u00e1n bajo la lupa del Comit\u00e9 de \u00c9tica del partido. Sin embargo, hay uno de los legisladores que no est\u00e1 en la lista: Jos\u00e9 Federico Tornier pertenece a otro partido, pero se sum\u00f3 al bloque radical por sus v\u00ednculos con el gobernador correntino Gustavo Vald\u00e9s. Su voto tambi\u00e9n influy\u00f3 en el resultado total.<\/p>\n<p>La convenci\u00f3n Nacional del partido public\u00f3 una resoluci\u00f3n en donde argument\u00f3 que hubo cuatro diputados de su partido &#8220;se apartaron de lo que ellos mismos hab\u00edan sostenido en la primera votaci\u00f3n y acompa\u00f1aron el veto presidencial, incurriendo en una grave inconducta partidaria y generando un grave da\u00f1o a la credibilidad y honor de nuestro partido&#8221;.<\/p>\n<p>El partido tambi\u00e9n critic\u00f3 &#8220;los argumentos esgrimidos durante la sesi\u00f3n y en los medios de comunicaci\u00f3n&#8221; porque &#8220;se hab\u00edan equivocado en c\u00e1lculos&#8221;. Adem\u00e1s, destac\u00f3 &#8220;el brusco cambio de opini\u00f3n&#8221;, que &#8220;se fundaba en la necesidad de garantizar el equilibrio fiscal&#8221;.<\/p>\n<p>La UCR cuenta con un Tribunal Nacional de \u00c9tica, en donde el caso fue elevado, en virtud del art\u00edculo 53 de su estatuto, que contempla &#8220;fallas en la conducta de los afiliados y dirigentes partidarios de todos los distritos cuando por su investidura lesionen la dignidad del partido&#8221;.<\/p>\n<p>La UCR tambi\u00e9n se expres\u00f3 en contra del veto de Javier Milei, que rechaza el aumento de $13.000 a las jubilaciones y pidi\u00f3 &#8220;enf\u00e1ticamente&#8221; que se &#8220;preserven&#8221; los &#8220;valores de la Uni\u00f3n C\u00edvica Radical hacia la dignidad de nuestros jubilados&#8221;.<\/p>\n<p>&nbsp;<\/p>\n<p><strong>Las reacciones a la decisi\u00f3n de la UCR<\/strong><\/p>\n<p>&#8220;Esta decisi\u00f3n est\u00e1 mal&#8221;, dijo Alfredo Cornejo en referencia a la medida que tom\u00f3 el partido. El gobernador de Mendoza asegur\u00f3 que &#8220;la pol\u00edtica de mayor\u00edas populares no es para sectas, ni se hace de purgas&#8221;.<\/p>\n<p>El presidente del bloque de diputados de la UCR, Rodrigo de Loredo, por su parte, dijo que esta medida es &#8220;in\u00e9dita, de una gran responsabilidad y parcialidad selectiva&#8221;. &#8220;No es la primera vez que miembros del bloque votan de manera diferente, ni en diputados ni en senadores&#8221;, asegur\u00f3.<\/p>\n","protected":false},"excerpt":{"rendered":"<p>La UCR fundament\u00f3 que los legisladores &#8220;lesionaron la dignidad del partido&#8221; y eval\u00faan su afiliaci\u00f3n &nbsp; &nbsp; La Convenci\u00f3n Nacional de la Uni\u00f3n C\u00edvica Radical (UCR) aprob\u00f3 este lunes la suspensi\u00f3n de los cuatro diputados que votaron a favor del veto presidencial, que rechaz\u00f3 la reforma jubilatoria con aumento para los jubilados y pensionados. El mi\u00e9rcoles pasado, el Congreso debati\u00f3 el veto a la Ley de Movilidad Jubilatoria. Con 153 votos afirmativos, 87 negativos y 8 abstenciones, la decisi\u00f3n del presidente qued\u00f3 en pie. Para que el veto quedara sin&#8230;<\/p>\n","protected":false},"author":3,"featured_media":119943,"comment_status":"closed","ping_status":"closed","sticky":false,"template":"","format":"standard","meta":[],"categories":[18],"tags":[],"_links":{"self":[{"href":"https:\/\/www.actualidadadiario.com\/index.php\/wp-json\/wp\/v2\/posts\/120200"}],"collection":[{"href":"https:\/\/www.actualidadadiario.com\/index.php\/wp-json\/wp\/v2\/posts"}],"about":[{"href":"https:\/\/www.actualidadadiario.com\/index.php\/wp-json\/wp\/v2\/types\/post"}],"author":[{"embeddable":true,"href":"https:\/\/www.actualidadadiario.com\/index.php\/wp-json\/wp\/v2\/users\/3"}],"replies":[{"embeddable":true,"href":"https:\/\/www.actualidadadiario.com\/index.php\/wp-json\/wp\/v2\/comments?post=120200"}],"version-history":[{"count":1,"href":"https:\/\/www.actualidadadiario.com\/index.php\/wp-json\/wp\/v2\/posts\/120200\/revisions"}],"predecessor-version":[{"id":120201,"href":"https:\/\/www.actualidadadiario.com\/index.php\/wp-json\/wp\/v2\/posts\/120200\/revisions\/120201"}],"wp:featuredmedia":[{"embeddable":true,"href":"https:\/\/www.actualidadadiario.com\/index.php\/wp-json\/wp\/v2\/media\/119943"}],"wp:attachment":[{"href":"https:\/\/www.actualidadadiario.com\/index.php\/wp-json\/wp\/v2\/media?parent=120200"}],"wp:term":[{"taxonomy":"category","embeddable":true,"href":"https:\/\/www.actualidadadiario.com\/index.php\/wp-json\/wp\/v2\/categories?post=120200"},{"taxonomy":"post_tag","embeddable":true,"href":"https:\/\/www.actualidadadiario.com\/index.php\/wp-json\/wp\/v2\/tags?post=120200"}],"curies":[{"name":"wp","href":"https:\/\/api.w.org\/{rel}","templated":true}]}}