{"id":120180,"date":"2024-09-17T11:19:10","date_gmt":"2024-09-17T14:19:10","guid":{"rendered":"https:\/\/www.actualidadadiario.com\/?p=120180"},"modified":"2024-09-17T11:19:10","modified_gmt":"2024-09-17T14:19:10","slug":"cayo-un-172-el-consumo-masivo-en-agosto","status":"publish","type":"post","link":"https:\/\/www.actualidadadiario.com\/index.php\/2024\/09\/17\/cayo-un-172-el-consumo-masivo-en-agosto\/","title":{"rendered":"Cay\u00f3 un 17,2% el consumo masivo en agosto"},"content":{"rendered":"<p style=\"text-align: center;\"><em><strong>Se trata la mayor baja interanual de los \u00faltimos tres a\u00f1os. Se trata de la ca\u00edda m\u00e1s pronunciada desde el 2021. En el acumulado en ocho meses, la disminuci\u00f3n alcanza el 10,6%, seg\u00fan un informe de Scentia<\/strong><\/em><\/p>\n<p>&nbsp;<\/p>\n<p>&nbsp;<\/p>\n<p>El consumo masivo cay\u00f3 17,2% en agosto, siendo la mayor baja interanual de los \u00faltimos tres a\u00f1os. Se trata de la ca\u00edda m\u00e1s pronunciada desde el 2021. En el acumulado en ocho meses, la disminuci\u00f3n alcanza el 10,6%, seg\u00fan un informe de Scentia.<\/p>\n<p>Por canal de venta, el retroceso del consumo en supermercados fue del 17,9% interanual y en autoservicios 16,5%.<\/p>\n<p>No obstante, en agosto del a\u00f1o pasado el consumo en los primeros hab\u00eda aumentado 14,1% en supermercados y en autoservicios se hab\u00eda registrado una ca\u00edda del 3,2%. En conjunto, el crecimiento en dicho mes hab\u00eda sido del 5,2 por ciento.<\/p>\n<p>Otro dato que arroj\u00f3 el estudio es que la ca\u00edda del consumo masivo en agosto fue mucho m\u00e1s acentuada en el interior del pa\u00eds que en el AMBA: las bajas fueron, del 22,5 y 8,6% respectivamente.<\/p>\n<p>La tendencia de ca\u00edda impact\u00f3 con m\u00e1s fuerza en el rubro Alimentos. Mientras que en el \u00e1rea metropolitana disminuy\u00f3 4,8%, en el resto del pa\u00eds se desplom\u00f3 16,9 por ciento.<\/p>\n<p>&nbsp;<\/p>\n<p><strong>\u00bfQu\u00e9 alimentos se consumieron menos?<\/strong><\/p>\n<p>En cuanto a los productos que menos se consumieron durante el mes pasado, se encuentran los de tipo impulsivo (-27%), bebidas sin alcohol (-24,7%), bebidas con alcohol (-24,3%), higiene y cosm\u00e9tica (-20,1%), limpieza de ropa y hogar (-15,9%), desayuno y merienda (-14,4%), alimentos (-12,4%) y perecederos (-9,4%).<\/p>\n","protected":false},"excerpt":{"rendered":"<p>Se trata la mayor baja interanual de los \u00faltimos tres a\u00f1os. Se trata de la ca\u00edda m\u00e1s pronunciada desde el 2021. En el acumulado en ocho meses, la disminuci\u00f3n alcanza el 10,6%, seg\u00fan un informe de Scentia &nbsp; &nbsp; El consumo masivo cay\u00f3 17,2% en agosto, siendo la mayor baja interanual de los \u00faltimos tres a\u00f1os. Se trata de la ca\u00edda m\u00e1s pronunciada desde el 2021. En el acumulado en ocho meses, la disminuci\u00f3n alcanza el 10,6%, seg\u00fan un informe de Scentia. Por canal de venta, el retroceso del consumo&#8230;<\/p>\n","protected":false},"author":3,"featured_media":117402,"comment_status":"closed","ping_status":"closed","sticky":false,"template":"","format":"standard","meta":[],"categories":[9],"tags":[],"_links":{"self":[{"href":"https:\/\/www.actualidadadiario.com\/index.php\/wp-json\/wp\/v2\/posts\/120180"}],"collection":[{"href":"https:\/\/www.actualidadadiario.com\/index.php\/wp-json\/wp\/v2\/posts"}],"about":[{"href":"https:\/\/www.actualidadadiario.com\/index.php\/wp-json\/wp\/v2\/types\/post"}],"author":[{"embeddable":true,"href":"https:\/\/www.actualidadadiario.com\/index.php\/wp-json\/wp\/v2\/users\/3"}],"replies":[{"embeddable":true,"href":"https:\/\/www.actualidadadiario.com\/index.php\/wp-json\/wp\/v2\/comments?post=120180"}],"version-history":[{"count":1,"href":"https:\/\/www.actualidadadiario.com\/index.php\/wp-json\/wp\/v2\/posts\/120180\/revisions"}],"predecessor-version":[{"id":120181,"href":"https:\/\/www.actualidadadiario.com\/index.php\/wp-json\/wp\/v2\/posts\/120180\/revisions\/120181"}],"wp:featuredmedia":[{"embeddable":true,"href":"https:\/\/www.actualidadadiario.com\/index.php\/wp-json\/wp\/v2\/media\/117402"}],"wp:attachment":[{"href":"https:\/\/www.actualidadadiario.com\/index.php\/wp-json\/wp\/v2\/media?parent=120180"}],"wp:term":[{"taxonomy":"category","embeddable":true,"href":"https:\/\/www.actualidadadiario.com\/index.php\/wp-json\/wp\/v2\/categories?post=120180"},{"taxonomy":"post_tag","embeddable":true,"href":"https:\/\/www.actualidadadiario.com\/index.php\/wp-json\/wp\/v2\/tags?post=120180"}],"curies":[{"name":"wp","href":"https:\/\/api.w.org\/{rel}","templated":true}]}}