{"id":120174,"date":"2024-09-17T10:29:19","date_gmt":"2024-09-17T13:29:19","guid":{"rendered":"https:\/\/www.actualidadadiario.com\/?p=120174"},"modified":"2024-09-17T10:29:19","modified_gmt":"2024-09-17T13:29:19","slug":"se-promulgo-el-blanqueo-de-capitales-en-entre-rios","status":"publish","type":"post","link":"https:\/\/www.actualidadadiario.com\/index.php\/2024\/09\/17\/se-promulgo-el-blanqueo-de-capitales-en-entre-rios\/","title":{"rendered":"Se promulg\u00f3 el blanqueo de capitales en Entre R\u00edos"},"content":{"rendered":"<p style=\"text-align: center;\"><em><strong>Fue publicada en el Bolet\u00edn Oficial de Entre R\u00edos la adhesi\u00f3n de la Provincia al T\u00edtulo II (\u201cR\u00e9gimen de Regularizaci\u00f3n de Activos\u201d, m\u00e1s conocido como blanqueo de capitales) de la Ley Nacional N\u00b0 27.743 (Paquete Fiscal) en sus art\u00edculos 18\u00b0 a 44\u00b0. Establece que los sujetos que declaren de manera voluntaria la tenencia de moneda nacional, extranjera, muebles, inmuebles y dem\u00e1s bienes o activos en el pa\u00eds y en el exterior \u201cquedar\u00e1n exceptuados del pago del Impuesto sobre los Ingresos Brutos, Impuesto a las Profesiones Liberales y cuanto otro impuesto provincial correspondiera\u201d<\/strong><\/em><\/p>\n<p>&nbsp;<\/p>\n<p>&nbsp;<\/p>\n<p>&nbsp;<\/p>\n<p>Esto lo obtendr\u00e1n si declaran \u201cen las condiciones previstas\u201d en la citada ley \u201cy sus normas reglamentarias\u201d. As\u00ed podr\u00e1n acceder a los beneficios previstos por el Blanqueo para los ingresos y bienes que hubieran omitido declarar hasta el 31 de diciembre de 2023.<\/p>\n<p>Los sujetos que blanqueen en Entre R\u00edos deber\u00e1n presentar en la Administradora Tributaria de Entre R\u00edos los antecedentes y\/o formalidades exigidas por la ley nivel nacional.<\/p>\n<p>El decreto de promulgaci\u00f3n indica que la excepci\u00f3n de pago en el Impuesto sobre los Ingresos Brutos y Profesiones Liberales proceder\u00e1 sobre el monto bruto de las operaciones que originaron los fondos con los que el bien regularizado fue adquirido o de los fondos en efectivo que sean regularizados.<\/p>\n<p>Las personas que se allanen al blanqueo en la provincia quedar\u00e1n liberadas de toda acci\u00f3n civil y por los delitos de la Ley Penal Tributaria y de las multas y dem\u00e1s sanciones que pudieren corresponder en virtud de las disposiciones del C\u00f3digo Fiscal provincial, con respecto al dinero y bienes que tengan en el exterior.<\/p>\n<p>Sin embargo, si no cumplen los requisitos y formalidades previstos en el blanqueo nacional \u201cquedar\u00e1n privados de la totalidad de los beneficios que esta norma establece\u201d, advierte el texto oficial.<\/p>\n<p>Finalmente, el decreto firmado por el gobernador Rogelio Frigerio faculta a la ATER a dictar las normas reglamentarias necesarias para la instrumentaci\u00f3n de las medidas e invita a los municipios a adherir y \u201cliberar las tasas locales que los declarantes hayan omitido ingresar en sus respectivas jurisdicciones\u201d.<\/p>\n","protected":false},"excerpt":{"rendered":"<p>Fue publicada en el Bolet\u00edn Oficial de Entre R\u00edos la adhesi\u00f3n de la Provincia al T\u00edtulo II (\u201cR\u00e9gimen de Regularizaci\u00f3n de Activos\u201d, m\u00e1s conocido como blanqueo de capitales) de la Ley Nacional N\u00b0 27.743 (Paquete Fiscal) en sus art\u00edculos 18\u00b0 a 44\u00b0. Establece que los sujetos que declaren de manera voluntaria la tenencia de moneda nacional, extranjera, muebles, inmuebles y dem\u00e1s bienes o activos en el pa\u00eds y en el exterior \u201cquedar\u00e1n exceptuados del pago del Impuesto sobre los Ingresos Brutos, Impuesto a las Profesiones Liberales y cuanto otro impuesto&#8230;<\/p>\n","protected":false},"author":3,"featured_media":102687,"comment_status":"closed","ping_status":"closed","sticky":false,"template":"","format":"standard","meta":[],"categories":[15],"tags":[],"_links":{"self":[{"href":"https:\/\/www.actualidadadiario.com\/index.php\/wp-json\/wp\/v2\/posts\/120174"}],"collection":[{"href":"https:\/\/www.actualidadadiario.com\/index.php\/wp-json\/wp\/v2\/posts"}],"about":[{"href":"https:\/\/www.actualidadadiario.com\/index.php\/wp-json\/wp\/v2\/types\/post"}],"author":[{"embeddable":true,"href":"https:\/\/www.actualidadadiario.com\/index.php\/wp-json\/wp\/v2\/users\/3"}],"replies":[{"embeddable":true,"href":"https:\/\/www.actualidadadiario.com\/index.php\/wp-json\/wp\/v2\/comments?post=120174"}],"version-history":[{"count":1,"href":"https:\/\/www.actualidadadiario.com\/index.php\/wp-json\/wp\/v2\/posts\/120174\/revisions"}],"predecessor-version":[{"id":120175,"href":"https:\/\/www.actualidadadiario.com\/index.php\/wp-json\/wp\/v2\/posts\/120174\/revisions\/120175"}],"wp:featuredmedia":[{"embeddable":true,"href":"https:\/\/www.actualidadadiario.com\/index.php\/wp-json\/wp\/v2\/media\/102687"}],"wp:attachment":[{"href":"https:\/\/www.actualidadadiario.com\/index.php\/wp-json\/wp\/v2\/media?parent=120174"}],"wp:term":[{"taxonomy":"category","embeddable":true,"href":"https:\/\/www.actualidadadiario.com\/index.php\/wp-json\/wp\/v2\/categories?post=120174"},{"taxonomy":"post_tag","embeddable":true,"href":"https:\/\/www.actualidadadiario.com\/index.php\/wp-json\/wp\/v2\/tags?post=120174"}],"curies":[{"name":"wp","href":"https:\/\/api.w.org\/{rel}","templated":true}]}}