{"id":120172,"date":"2024-09-17T10:28:35","date_gmt":"2024-09-17T13:28:35","guid":{"rendered":"https:\/\/www.actualidadadiario.com\/?p=120172"},"modified":"2024-09-17T10:30:08","modified_gmt":"2024-09-17T13:30:08","slug":"frigerio-y-los-intendentes-se-reuniran-para-analizar-la-eliminacion-de-tasas-en-boletas-de-servicios-publicos","status":"publish","type":"post","link":"https:\/\/www.actualidadadiario.com\/index.php\/2024\/09\/17\/frigerio-y-los-intendentes-se-reuniran-para-analizar-la-eliminacion-de-tasas-en-boletas-de-servicios-publicos\/","title":{"rendered":"Frigerio y los intendentes se reunir\u00e1n para analizar la eliminaci\u00f3n de Tasas en boletas de servicios p\u00fablicos"},"content":{"rendered":"<p style=\"text-align: center;\"><em><strong>El Gobierno nacional anunci\u00f3 que provincias y municipios ya no podr\u00e1n incluir en las boletas de los servicios p\u00fablicos tasas y recargos<\/strong><\/em><\/p>\n<p>&nbsp;<\/p>\n<p>&nbsp;<\/p>\n<p>&nbsp;<\/p>\n<p>\u201cAnte reiteradas denuncias p\u00fablicas sobre municipios que incluyen tasas locales en la facturaci\u00f3n de servicios esenciales tales como la luz y el gas, la Secretar\u00eda de Industria y Comercio del Ministerio de Econom\u00eda dispuso, a trav\u00e9s de la Resoluci\u00f3n 2024-267, que las facturas de servicios esenciales deben contener de forma \u00fanica y exclusiva la descripci\u00f3n y el precio correspondiente al servicio contratado por el consumidor, quedando prohibido incluir cargos ajenos a la naturaleza del servicio\u201d, dijo el jefe del Palacio de Hacienda, Luis Caputo.<\/p>\n<p>&nbsp;<\/p>\n<p><strong>Reuni\u00f3n en Lucas Gonz\u00e1lez<\/strong><\/p>\n<p>La medida gener\u00f3 reacci\u00f3n adversa en los intendentes de Entre R\u00edos y ser\u00e1 tema de un encuentro que mantendr\u00e1n los jefes comunales del PJ, Juntos por Entre R\u00edos y el vecinalismo este martes en Lucas Gonz\u00e1lez con el gobernador Rogelio Frigerio.<\/p>\n<p>\u201cEl Gobernador nos ha convocado para hablar, entre otros, sobre este tema. Nosotros, desde la Liga de Intendentes Justicialistas tenemos una posici\u00f3n tomada\u201d, adelant\u00f3 el jefe comunal de San Jos\u00e9 de Feliciano, Dami\u00e1n Ar\u00e9valo.<\/p>\n<p>&nbsp;<\/p>\n<p><strong>\u201cNo es aplicable en Entre R\u00edos\u201d<\/strong><\/p>\n<p>\u201cEntendemos que esta normativa no deber\u00eda impactar con el cobro de tasas relacionadas con el consumo de energ\u00eda, por ejemplo. Otra cuesti\u00f3n ser\u00eda si alg\u00fan municipio de Entre R\u00edos estuviera cobrando para bomberos o mejorar caminos, eso ser podr\u00eda discutir\u201d, advirti\u00f3 y ampli\u00f3: \u201centendemos que no corresponde en la tasa de alumbrado p\u00fablico o lo que el municipio le cobra a una distribuidora por la ocupaci\u00f3n del espacio p\u00fablico. Enersa, luego se lo traslada al usuario\u201d, cont\u00f3.<\/p>\n<p>Dijo Ar\u00e9valo que la decisi\u00f3n de la Naci\u00f3n \u201cno es aplicable a Entre R\u00edos. Al d\u00eda siguiente del anuncio, el Gobierno de C\u00f3rdoba r\u00e1pidamente sent\u00f3 posici\u00f3n y dijo que no era aplicable a esa provincia. Nosotros vamos a llevar esa posici\u00f3n a la reuni\u00f3n con el Gobernador. Entendemos que esa decisi\u00f3n nacional es inviable\u201d, plante\u00f3 y agreg\u00f3: \u201cSi esta medida se lleva a la pr\u00e1ctica, desfinanciar\u00eda terriblemente a muchos municipios\u201d.<\/p>\n<p>\u201cEn esta guerra que tiene Milei con el conurbano bonaerense nos quiere implicar al resto del pa\u00eds\u201d, apunt\u00f3.<\/p>\n<p>&nbsp;<\/p>\n<p><strong>Walser, desinformaci\u00f3n e irresponsabilidad<\/strong><\/p>\n<p>Jos\u00e9 Luis Walser, intendente vecinalista de Col\u00f3n, dijo que la medida \u201cgenera preocupaci\u00f3n sobre todo por la desinformaci\u00f3n que provoca zozobra. El Gobierno nacional no fue claro en este anuncio. De hecho, despu\u00e9s tuvo que salir a corregir lo que hab\u00eda anunciado\u201d.<\/p>\n<p>\u201cAc\u00e1 se pretende avanzar sobre las autonom\u00edas provinciales y municipales\u201d, alert\u00f3 el colonense y dijo: \u201cY lo hace con mucha irresponsabilidad: caemos en lo de siempre. Se analiza el pa\u00eds con la \u00f3ptica de Buenos Aires. En el interior del pa\u00eds no pasa lo mismo que en algunos municipios de la provincia de Buenos Aires\u201d, observ\u00f3.<\/p>\n<p>El jefe comunal se mostr\u00f3 preocupado \u201cpor la liviandad con la que se le da tratamiento a este tema, generando en el vecino una confusi\u00f3n muy grande\u201d.<\/p>\n<p>&nbsp;<\/p>\n<p><strong>Un pedido a la gesti\u00f3n Milei<\/strong><\/p>\n<p>\u201cEl Estado nacional no est\u00e1 haciendo absolutamente nada en los territorios. Entonces, las municipalidades se han convertido en la parte del Estado que est\u00e1 dando respuestas. Y esto es cada vez m\u00e1s. Se profundiza la crisis, y se profundiza la demanda del vecino\u201d, se\u00f1al\u00f3 y complet\u00f3: \u201cY es entendible. Nosotros entendemos al vecino que va y golpea la primera ventanilla que tiene y que son los municipios. Ahora, tenemos los mismos recursos y el doble de necesidades\u201d.<\/p>\n<p>Walser cuestion\u00f3 que la Naci\u00f3n absorbe todos los recursos \u201cy no hace ni una obra en los territorios. Me parece que hay que parar la pelota y ser un poco m\u00e1s responsables\u201d.<\/p>\n","protected":false},"excerpt":{"rendered":"<p>El Gobierno nacional anunci\u00f3 que provincias y municipios ya no podr\u00e1n incluir en las boletas de los servicios p\u00fablicos tasas y recargos &nbsp; &nbsp; &nbsp; \u201cAnte reiteradas denuncias p\u00fablicas sobre municipios que incluyen tasas locales en la facturaci\u00f3n de servicios esenciales tales como la luz y el gas, la Secretar\u00eda de Industria y Comercio del Ministerio de Econom\u00eda dispuso, a trav\u00e9s de la Resoluci\u00f3n 2024-267, que las facturas de servicios esenciales deben contener de forma \u00fanica y exclusiva la descripci\u00f3n y el precio correspondiente al servicio contratado por el consumidor,&#8230;<\/p>\n","protected":false},"author":3,"featured_media":117257,"comment_status":"closed","ping_status":"closed","sticky":false,"template":"","format":"standard","meta":[],"categories":[9],"tags":[],"_links":{"self":[{"href":"https:\/\/www.actualidadadiario.com\/index.php\/wp-json\/wp\/v2\/posts\/120172"}],"collection":[{"href":"https:\/\/www.actualidadadiario.com\/index.php\/wp-json\/wp\/v2\/posts"}],"about":[{"href":"https:\/\/www.actualidadadiario.com\/index.php\/wp-json\/wp\/v2\/types\/post"}],"author":[{"embeddable":true,"href":"https:\/\/www.actualidadadiario.com\/index.php\/wp-json\/wp\/v2\/users\/3"}],"replies":[{"embeddable":true,"href":"https:\/\/www.actualidadadiario.com\/index.php\/wp-json\/wp\/v2\/comments?post=120172"}],"version-history":[{"count":1,"href":"https:\/\/www.actualidadadiario.com\/index.php\/wp-json\/wp\/v2\/posts\/120172\/revisions"}],"predecessor-version":[{"id":120173,"href":"https:\/\/www.actualidadadiario.com\/index.php\/wp-json\/wp\/v2\/posts\/120172\/revisions\/120173"}],"wp:featuredmedia":[{"embeddable":true,"href":"https:\/\/www.actualidadadiario.com\/index.php\/wp-json\/wp\/v2\/media\/117257"}],"wp:attachment":[{"href":"https:\/\/www.actualidadadiario.com\/index.php\/wp-json\/wp\/v2\/media?parent=120172"}],"wp:term":[{"taxonomy":"category","embeddable":true,"href":"https:\/\/www.actualidadadiario.com\/index.php\/wp-json\/wp\/v2\/categories?post=120172"},{"taxonomy":"post_tag","embeddable":true,"href":"https:\/\/www.actualidadadiario.com\/index.php\/wp-json\/wp\/v2\/tags?post=120172"}],"curies":[{"name":"wp","href":"https:\/\/api.w.org\/{rel}","templated":true}]}}