{"id":120170,"date":"2024-09-17T10:27:49","date_gmt":"2024-09-17T13:27:49","guid":{"rendered":"https:\/\/www.actualidadadiario.com\/?p=120170"},"modified":"2024-09-17T10:27:49","modified_gmt":"2024-09-17T13:27:49","slug":"hoy-continua-la-negociacion-salarial-con-el-sector-docente","status":"publish","type":"post","link":"https:\/\/www.actualidadadiario.com\/index.php\/2024\/09\/17\/hoy-continua-la-negociacion-salarial-con-el-sector-docente\/","title":{"rendered":"Hoy contin\u00faa la negociaci\u00f3n salarial con el sector docente"},"content":{"rendered":"<p style=\"text-align: center;\"><em><strong>Tras el \u00faltimo encuentro, autoridades del CGE confirmaron que hoy (d\u00eda en el que finaliza la conciliaci\u00f3n) presentar\u00e1n una oferta salarial. En la \u00faltima reuni\u00f3n los gremios presentaron una propuesta pedag\u00f3gica para \u201crecuperar y re significar el contenido y ajustar la planificaci\u00f3n de ac\u00e1 a fin de a\u00f1o\u201d<\/strong><\/em><\/p>\n<p>&nbsp;<\/p>\n<p>&nbsp;<\/p>\n<p>Este martes a las 11 en Tribunales se volver\u00e1n a encontrar los gremios que representan a los trabajadores de la educaci\u00f3n con representantes del Ejecutivo Provincial. Cabe destacar que ese mismo d\u00eda finalizar\u00e1 la conciliaci\u00f3n obligatoria.<\/p>\n<p>&nbsp;<\/p>\n<p><strong>Recuperaci\u00f3n de saberes<\/strong><\/p>\n<p>En la \u00faltima reuni\u00f3n la Asociaci\u00f3n del Magisterio de Entre R\u00edos (Agmer) acerc\u00f3 al Gobierno una propuesta pedag\u00f3gica para recuperar d\u00edas de clase. Al respecto el Secretario General del gremio, Marcelo Pagani, explic\u00f3: \u201cEs para recuperar y re significar el contenido y ajustar la planificaci\u00f3n de ac\u00e1 a fin de a\u00f1o\u201d.<\/p>\n<p>Tras el encuentro, el secretario general del Consejo General de Educaci\u00f3n (CGE), Conrado Lamboglia, brind\u00f3 detalles sobre los temas abordados en la nueva audiencia de conciliaci\u00f3n que se llev\u00f3 a cabo en Tribunales.<\/p>\n<p>\u201cTrabajamos sobre la propuesta pedag\u00f3gica de recuperaci\u00f3n de d\u00edas de clases que present\u00f3 Agmer y prontamente podremos decir que tendremos noticias sobre la devoluci\u00f3n de los d\u00edas descontados por paro\u201d, explic\u00f3.<\/p>\n<p>Indic\u00f3 que se trata de una propuesta de recuperaci\u00f3n de saberes, no de d\u00edas de clases, a cambio de la devoluci\u00f3n de los d\u00edas descontados: \u201cEs una propuesta amplia que ser\u00e1 analizada por el \u00e1rea t\u00e9cnica del Consejo General de Educaci\u00f3n\u201d.<\/p>\n<p>&nbsp;<\/p>\n<p><strong>Situaci\u00f3n salarial del sector<\/strong><\/p>\n<p>El representante del gremio mayoritario expres\u00f3 desilusi\u00f3n despu\u00e9s del \u00faltimo: \u201cVen\u00edamos con expectativas de una propuesta que claramente no est\u00e1\u201d. Tambi\u00e9n afirm\u00f3: \u201cHubo un avance gracias a una posici\u00f3n clave del sindicato que es la devoluci\u00f3n de los d\u00edas descontados por paro\u201d y explic\u00f3 que en el marco de la conciliaci\u00f3n obligatoria \u201cten\u00edamos pensado cuatro d\u00edas de paro pero, al ser las partes conciliadas, no se efectivizar y por lo tanto la patronal debe devolvernos los d\u00edas descontados por la medida de fuerza\u201d.<\/p>\n<p>Al respecto Lamboglia sostuvo que el Gobierno \u201csigue trabajando\u201d en la elaboraci\u00f3n de una \u201coferta definitiva\u201d, que ser\u00e1 presentada en la pr\u00f3xima reuni\u00f3n.<\/p>\n<p>En tanto, el paritario que representa al Gobierno provincial, Bruno Frizzo, afirm\u00f3: \u201cPedimos un par de d\u00edas m\u00e1s para poder elaborar la mejor propuesta posible a los efectos de poder salir de esta situaci\u00f3n\u201d.<\/p>\n<p>En tal sentido, manifest\u00f3 su optimismo con respecto a la posibilidad de poder alcanzar un acuerdo antes de que finalice la conciliaci\u00f3n obligatoria.<\/p>\n<p>Luego se refiri\u00f3 a la devoluci\u00f3n de los descuentos por d\u00edas de paro: \u201cEs un gesto de reciprocidad\u201d ante la recuperaci\u00f3n de saberes que proponen los gremios.<\/p>\n","protected":false},"excerpt":{"rendered":"<p>Tras el \u00faltimo encuentro, autoridades del CGE confirmaron que hoy (d\u00eda en el que finaliza la conciliaci\u00f3n) presentar\u00e1n una oferta salarial. En la \u00faltima reuni\u00f3n los gremios presentaron una propuesta pedag\u00f3gica para \u201crecuperar y re significar el contenido y ajustar la planificaci\u00f3n de ac\u00e1 a fin de a\u00f1o\u201d &nbsp; &nbsp; Este martes a las 11 en Tribunales se volver\u00e1n a encontrar los gremios que representan a los trabajadores de la educaci\u00f3n con representantes del Ejecutivo Provincial. Cabe destacar que ese mismo d\u00eda finalizar\u00e1 la conciliaci\u00f3n obligatoria. &nbsp; Recuperaci\u00f3n de saberes&#8230;<\/p>\n","protected":false},"author":3,"featured_media":105892,"comment_status":"closed","ping_status":"closed","sticky":false,"template":"","format":"standard","meta":[],"categories":[15],"tags":[],"_links":{"self":[{"href":"https:\/\/www.actualidadadiario.com\/index.php\/wp-json\/wp\/v2\/posts\/120170"}],"collection":[{"href":"https:\/\/www.actualidadadiario.com\/index.php\/wp-json\/wp\/v2\/posts"}],"about":[{"href":"https:\/\/www.actualidadadiario.com\/index.php\/wp-json\/wp\/v2\/types\/post"}],"author":[{"embeddable":true,"href":"https:\/\/www.actualidadadiario.com\/index.php\/wp-json\/wp\/v2\/users\/3"}],"replies":[{"embeddable":true,"href":"https:\/\/www.actualidadadiario.com\/index.php\/wp-json\/wp\/v2\/comments?post=120170"}],"version-history":[{"count":1,"href":"https:\/\/www.actualidadadiario.com\/index.php\/wp-json\/wp\/v2\/posts\/120170\/revisions"}],"predecessor-version":[{"id":120171,"href":"https:\/\/www.actualidadadiario.com\/index.php\/wp-json\/wp\/v2\/posts\/120170\/revisions\/120171"}],"wp:featuredmedia":[{"embeddable":true,"href":"https:\/\/www.actualidadadiario.com\/index.php\/wp-json\/wp\/v2\/media\/105892"}],"wp:attachment":[{"href":"https:\/\/www.actualidadadiario.com\/index.php\/wp-json\/wp\/v2\/media?parent=120170"}],"wp:term":[{"taxonomy":"category","embeddable":true,"href":"https:\/\/www.actualidadadiario.com\/index.php\/wp-json\/wp\/v2\/categories?post=120170"},{"taxonomy":"post_tag","embeddable":true,"href":"https:\/\/www.actualidadadiario.com\/index.php\/wp-json\/wp\/v2\/tags?post=120170"}],"curies":[{"name":"wp","href":"https:\/\/api.w.org\/{rel}","templated":true}]}}