{"id":120168,"date":"2024-09-17T10:27:07","date_gmt":"2024-09-17T13:27:07","guid":{"rendered":"https:\/\/www.actualidadadiario.com\/?p=120168"},"modified":"2024-09-17T10:27:07","modified_gmt":"2024-09-17T13:27:07","slug":"senado-la-comision-de-presupuesto-y-hacienda-tratara-la-adhesion-al-rigi-y-rini","status":"publish","type":"post","link":"https:\/\/www.actualidadadiario.com\/index.php\/2024\/09\/17\/senado-la-comision-de-presupuesto-y-hacienda-tratara-la-adhesion-al-rigi-y-rini\/","title":{"rendered":"Senado: la Comisi\u00f3n de Presupuesto y Hacienda tratar\u00e1 la adhesi\u00f3n al RIGI y RINI"},"content":{"rendered":"<p style=\"text-align: center;\"><em><strong>Luego de la aprobaci\u00f3n en Diputados, se llevar\u00e1 a cabo un encuentro en el recinto con participaci\u00f3n de funcionarios del Gobierno y representantes de diferentes sectores para tratar la iniciativa que incorpora los beneficios ya establecidos en la Ley de Promoci\u00f3n y Desarrollo Industrial y la adhesi\u00f3n al R\u00e9gimen de Incentivo para Grandes Inversiones<\/strong><\/em><\/p>\n<p>&nbsp;<\/p>\n<p>&nbsp;<\/p>\n<p>La Comisi\u00f3n de Presupuesto y Hacienda, presidida por el senador Rub\u00e9n Dal Mol\u00edn, se reunir\u00e1 este martes a las 11 para tratar es el expediente N\u00b0 27.257, proyecto de ley mediante el cual la provincia de Entre R\u00edos adhiere al \u00abR\u00e9gimen de Incentivo para Grandes Inversiones\u00bb (RIGI) y se crea el \u00abR\u00e9gimen de Incentivo a las Nuevas Inversiones\u00bb (RINI).<\/p>\n<p>En el recinto estar\u00e1n presente por parte del Ejecutivo el ministro de Gobierno y Trabajo, Manuel Troncoso, y el secretario Legal y T\u00e9cnico de Entre R\u00edos, Esteban Armando Vitor. Adem\u00e1s, el ministro de Desarrollo Econ\u00f3mico, Guillermo Bernaudo, y el director ejecutivo de ATER, Jes\u00fas Rafael Korell.<\/p>\n<p>Cabe recordar que en el proyecto que el Gobierno present\u00f3 y tiene media sanci\u00f3n de Diputados propicia la adhesi\u00f3n de la provincia de Entre R\u00edos al RIGI nacional, en los t\u00e9rminos y con los alcances establecidos en el T\u00edtulo VII (art\u00edculos 164\u00b0 al 228\u00b0) de la Ley Nacional N\u00ba 27.742. Adem\u00e1s incorpora los beneficios ya establecidos en la Ley de Promoci\u00f3n y Desarrollo Industrial, con el objetivo de favorecer la radicaci\u00f3n de nuevas inversiones en el territorio provincial, reactivar la actividad productiva y la ampliaci\u00f3n de dichos beneficios, adem\u00e1s de exenciones en determinados tributos provinciales.<\/p>\n<p>Asimismo habr\u00e1 representantes de la Uni\u00f3n Industrial de Entre R\u00edos, del Consejo de Ciencias Econ\u00f3micas, de la Federaci\u00f3n Entrerriana de Cooperativas (FEDECO) y del Consejo Empresario de Entre R\u00edos (CEER).<\/p>\n","protected":false},"excerpt":{"rendered":"<p>Luego de la aprobaci\u00f3n en Diputados, se llevar\u00e1 a cabo un encuentro en el recinto con participaci\u00f3n de funcionarios del Gobierno y representantes de diferentes sectores para tratar la iniciativa que incorpora los beneficios ya establecidos en la Ley de Promoci\u00f3n y Desarrollo Industrial y la adhesi\u00f3n al R\u00e9gimen de Incentivo para Grandes Inversiones &nbsp; &nbsp; La Comisi\u00f3n de Presupuesto y Hacienda, presidida por el senador Rub\u00e9n Dal Mol\u00edn, se reunir\u00e1 este martes a las 11 para tratar es el expediente N\u00b0 27.257, proyecto de ley mediante el cual la&#8230;<\/p>\n","protected":false},"author":3,"featured_media":116585,"comment_status":"closed","ping_status":"closed","sticky":false,"template":"","format":"standard","meta":[],"categories":[15],"tags":[],"_links":{"self":[{"href":"https:\/\/www.actualidadadiario.com\/index.php\/wp-json\/wp\/v2\/posts\/120168"}],"collection":[{"href":"https:\/\/www.actualidadadiario.com\/index.php\/wp-json\/wp\/v2\/posts"}],"about":[{"href":"https:\/\/www.actualidadadiario.com\/index.php\/wp-json\/wp\/v2\/types\/post"}],"author":[{"embeddable":true,"href":"https:\/\/www.actualidadadiario.com\/index.php\/wp-json\/wp\/v2\/users\/3"}],"replies":[{"embeddable":true,"href":"https:\/\/www.actualidadadiario.com\/index.php\/wp-json\/wp\/v2\/comments?post=120168"}],"version-history":[{"count":1,"href":"https:\/\/www.actualidadadiario.com\/index.php\/wp-json\/wp\/v2\/posts\/120168\/revisions"}],"predecessor-version":[{"id":120169,"href":"https:\/\/www.actualidadadiario.com\/index.php\/wp-json\/wp\/v2\/posts\/120168\/revisions\/120169"}],"wp:featuredmedia":[{"embeddable":true,"href":"https:\/\/www.actualidadadiario.com\/index.php\/wp-json\/wp\/v2\/media\/116585"}],"wp:attachment":[{"href":"https:\/\/www.actualidadadiario.com\/index.php\/wp-json\/wp\/v2\/media?parent=120168"}],"wp:term":[{"taxonomy":"category","embeddable":true,"href":"https:\/\/www.actualidadadiario.com\/index.php\/wp-json\/wp\/v2\/categories?post=120168"},{"taxonomy":"post_tag","embeddable":true,"href":"https:\/\/www.actualidadadiario.com\/index.php\/wp-json\/wp\/v2\/tags?post=120168"}],"curies":[{"name":"wp","href":"https:\/\/api.w.org\/{rel}","templated":true}]}}