{"id":120166,"date":"2024-09-17T10:26:24","date_gmt":"2024-09-17T13:26:24","guid":{"rendered":"https:\/\/www.actualidadadiario.com\/?p=120166"},"modified":"2024-09-17T10:26:24","modified_gmt":"2024-09-17T13:26:24","slug":"frigerio-reclama-la-deuda-de-la-nacion-con-entre-rios","status":"publish","type":"post","link":"https:\/\/www.actualidadadiario.com\/index.php\/2024\/09\/17\/frigerio-reclama-la-deuda-de-la-nacion-con-entre-rios\/","title":{"rendered":"Frigerio reclama la deuda de la Naci\u00f3n con Entre R\u00edos"},"content":{"rendered":"<p style=\"text-align: center;\"><em><strong>Cerca del gobernador rechazan el nuevo ajuste pedido por el Presidente a las provincias e insisten con los fondos que la gesti\u00f3n libertaria dej\u00f3 de girar<\/strong><\/em><\/p>\n<p>&nbsp;<\/p>\n<p>&nbsp;<\/p>\n<p>A coro con sus pares del PRO, el gobernador de Entre R\u00edos, Rogelio Frigerio, tambi\u00e9n rechaza el nuevo sacrificio postulado por el presidente Javier Milei durante la presentaci\u00f3n del Presupuesto 2025 en el Congreso. \u201cAc\u00e1 el ajuste ya se hizo\u201d, avis\u00f3 un colaborador cercano al mandam\u00e1s provincial. Entre la sorpresa y la desconfianza, en la Casa Gris creen que al libertario &#8220;o le pasaron mal los datos o quiere ir a la guerra con los aliados\u201d. Y aprovechan para renovar las quejas por los fondos que la Naci\u00f3n dej\u00f3 de girar.<\/p>\n<p>La advertencia de Milei a las provincias de que deber\u00e1n encarar un ajuste de 60.000 millones de d\u00f3lares cae en un mal momento en Entre R\u00edos y remueve las quejas por los fondos que la Naci\u00f3n dej\u00f3 de girar para sustentar el equilibrio fiscal.<\/p>\n<p>&nbsp;<\/p>\n<p><strong>Quejas en Entre R\u00edos<\/strong><\/p>\n<p>Es que esta semana la provincia podr\u00eda cerrar la paritaria con el sector de la educaci\u00f3n, que est\u00e1 en fase de conciliaci\u00f3n obligatoria en la Justicia, y as\u00ed poner fin, al menos hasta fin de a\u00f1o, al conflicto docente. Para que ello suceda, sin embargo, la provincia deber\u00e1 hacerse cargo de compensar el FONID y otros componentes del salario que la gesti\u00f3n libertaria dej\u00f3 de pagar.<\/p>\n<p>Esta es una queja recurrente del gobierno entrerriano. \u201cNo pagaron ni la compensaci\u00f3n de Pacto Fiscal del 2017\u201d, llora una fuente del Ministerio de Econom\u00eda provincial a Letra P. El lamento incluye la deuda con la Caja de Jubilaciones y Pensiones. Todos fondos que por ley les corresponden a las provincias.<\/p>\n<p>A esa queja se suman los efectos de que la Naci\u00f3n haya cortado de cuajo la obra p\u00fablica. Aun despu\u00e9s de la foto de Guillermo Francos con Frigerio y el acuerdo marco que predec\u00eda el traspaso de la obras nacionales, en concreto todav\u00eda no hay nada. \u201cNo pagaron ni siquiera la deuda con las empresas cuando firmaron el traspaso\u201d, agregan fuentes de la gobernaci\u00f3n. Adem\u00e1s, de entrada frenaron las transferencias discrecionales y todos los fondos.<\/p>\n<p>&nbsp;<\/p>\n<p><strong>La letra chica<\/strong><\/p>\n<p>Otra consecuencia del Presupuesto 2025 presentado por Milei este domingo es que el gobierno entrerriano deber\u00e1 barajar y dar de nuevo con su propio c\u00e1lculo de recursos y gastos para el pr\u00f3ximo a\u00f1o. \u201cHay que ver cu\u00e1l es la hoja de ruta que se marca para ver si encajamos o no\u201d, dijo secretario de Finanzas de la provincia, Uriel Brupbacher, en di\u00e1logo con Radio Costa Paran\u00e1. \u00c9l dijo que por estas horas comienzan a trabajar en el proyecto nacional para luego, con esa informaci\u00f3n de la que no ten\u00edan casi adelantos, comenzar a trabajar en el presupuesto provincial.<\/p>\n<p>El funcionario provincial, que adelant\u00f3 que primero estudiar\u00e1n a fondo el proyecto de la Naci\u00f3n para luego confeccionar el presupuesto provincial, advirti\u00f3 que los par\u00e1metros macroecon\u00f3micos fijados por Milei no tienen \u201cnada que ver con lo que se hab\u00eda manejado de manera informal desde la misma Oficina de Presupuesto, por lo que habr\u00e1 corregir, barajar, dar de nuevo alguna variable, y, obviamente, ver por d\u00f3nde viene este ajuste que se plantea a nivel nacional, que no estaba en el radar de lo que ten\u00edamos pensado para el a\u00f1o que viene\u201d.<\/p>\n<p>&nbsp;<\/p>\n<p><strong>Otras voces<\/strong><\/p>\n<p>Atilio Benedetti, diputado radical que reemplaz\u00f3 a Frigerio en el Congreso, consider\u00f3 que el presidente &#8220;no ofreci\u00f3 mayormente grandes novedades sobre lo que viene ya planteando, que es la defensa ac\u00e9rrima y a rajatabla del equilibrio fiscal&#8221;. En tanto, sobre las transferencias de obligaciones marc\u00f3 que &#8220;hace encender alertas, porque est\u00e1n claras las dificultades que est\u00e1n teniendo las provincias y los municipios&#8221;.<\/p>\n<p>Por su parte, el intendente de Concordia, Francisco Azcu\u00e9, valor\u00f3 el proyecto de Milei y, en ese sentido, sostuvo que en su ciudad se redujo un 45% el gasto sin resentir servicios esenciales. &#8220;La austeridad y la creatividad en el manejo de los recursos vinieron para quedarse&#8221;, sentenci\u00f3.<\/p>\n","protected":false},"excerpt":{"rendered":"<p>Cerca del gobernador rechazan el nuevo ajuste pedido por el Presidente a las provincias e insisten con los fondos que la gesti\u00f3n libertaria dej\u00f3 de girar &nbsp; &nbsp; A coro con sus pares del PRO, el gobernador de Entre R\u00edos, Rogelio Frigerio, tambi\u00e9n rechaza el nuevo sacrificio postulado por el presidente Javier Milei durante la presentaci\u00f3n del Presupuesto 2025 en el Congreso. \u201cAc\u00e1 el ajuste ya se hizo\u201d, avis\u00f3 un colaborador cercano al mandam\u00e1s provincial. Entre la sorpresa y la desconfianza, en la Casa Gris creen que al libertario &#8220;o&#8230;<\/p>\n","protected":false},"author":3,"featured_media":75507,"comment_status":"closed","ping_status":"closed","sticky":false,"template":"","format":"standard","meta":[],"categories":[15],"tags":[],"_links":{"self":[{"href":"https:\/\/www.actualidadadiario.com\/index.php\/wp-json\/wp\/v2\/posts\/120166"}],"collection":[{"href":"https:\/\/www.actualidadadiario.com\/index.php\/wp-json\/wp\/v2\/posts"}],"about":[{"href":"https:\/\/www.actualidadadiario.com\/index.php\/wp-json\/wp\/v2\/types\/post"}],"author":[{"embeddable":true,"href":"https:\/\/www.actualidadadiario.com\/index.php\/wp-json\/wp\/v2\/users\/3"}],"replies":[{"embeddable":true,"href":"https:\/\/www.actualidadadiario.com\/index.php\/wp-json\/wp\/v2\/comments?post=120166"}],"version-history":[{"count":1,"href":"https:\/\/www.actualidadadiario.com\/index.php\/wp-json\/wp\/v2\/posts\/120166\/revisions"}],"predecessor-version":[{"id":120167,"href":"https:\/\/www.actualidadadiario.com\/index.php\/wp-json\/wp\/v2\/posts\/120166\/revisions\/120167"}],"wp:featuredmedia":[{"embeddable":true,"href":"https:\/\/www.actualidadadiario.com\/index.php\/wp-json\/wp\/v2\/media\/75507"}],"wp:attachment":[{"href":"https:\/\/www.actualidadadiario.com\/index.php\/wp-json\/wp\/v2\/media?parent=120166"}],"wp:term":[{"taxonomy":"category","embeddable":true,"href":"https:\/\/www.actualidadadiario.com\/index.php\/wp-json\/wp\/v2\/categories?post=120166"},{"taxonomy":"post_tag","embeddable":true,"href":"https:\/\/www.actualidadadiario.com\/index.php\/wp-json\/wp\/v2\/tags?post=120166"}],"curies":[{"name":"wp","href":"https:\/\/api.w.org\/{rel}","templated":true}]}}