{"id":120160,"date":"2024-09-17T10:24:07","date_gmt":"2024-09-17T13:24:07","guid":{"rendered":"https:\/\/www.actualidadadiario.com\/?p=120160"},"modified":"2024-09-17T10:24:07","modified_gmt":"2024-09-17T13:24:07","slug":"tras-su-arreglada-renuncia-como-diputado-galimberti-asumio-como-vicepresidente-de-ctm-cobrara-en-dolares-hasta-2027","status":"publish","type":"post","link":"https:\/\/www.actualidadadiario.com\/index.php\/2024\/09\/17\/tras-su-arreglada-renuncia-como-diputado-galimberti-asumio-como-vicepresidente-de-ctm-cobrara-en-dolares-hasta-2027\/","title":{"rendered":"Tras su \u00abarreglada\u00bb renuncia como diputado, Galimberti asumi\u00f3 como vicepresidente de CTM: cobrar\u00e1 en d\u00f3lares hasta 2027"},"content":{"rendered":"<p style=\"text-align: center;\"><em><strong>Pedro Galimberti asumi\u00f3 finalmente este viernes como vicepresidente de la Delegaci\u00f3n Argentina de la Comisi\u00f3n T\u00e9cnica Mixta de Salto Grande, tras aceptar el pedido el gobernador Rogelio Frigerio y renunciar a su banca como diputado nacional. Tras el acto de asunci\u00f3n, mantuvo un encuentro con el presidente de la Delegaci\u00f3n Argentina, Alejandro Daneri, cu\u00f1ado del gobernador Frigerio, y su par uruguayo, Mart\u00edn Burutar\u00e1n, en el Complejo Hidroel\u00e9ctrico<\/strong><\/em><\/p>\n<p>&nbsp;<\/p>\n<p>&nbsp;<\/p>\n<p>&nbsp;<\/p>\n<p>\u00abEl viernes asum\u00ed como Vicepresidente de la Delegaci\u00f3n Argentina ante la Comisi\u00f3n T\u00e9cnica Mixta de Salto Grande\u00bb, anunci\u00f3 Galimberti en sus redes sociales, e inform\u00f3 que ya mantuvo su primera encuentro con el Presidente de la Delegaci\u00f3n Argentina, Alejandro Daneri, y su par uruguayo Mart\u00edn Burutar\u00e1n, en el que \u00abrepasamos la agenda de trabajo, los proyectos en marcha y los principales ejes de la gesti\u00f3n. Tambi\u00e9n me interioric\u00e9 sobre el funcionamiento y operaci\u00f3n del Complejo Hidroel\u00e9ctrico, cuya importancia es estrat\u00e9gica para ambos pa\u00edses\u00bb<\/p>\n<p>Vale recordar que Galimberti renuncio el 9 de septiembre a su banca como diputado nacional de la UCR en representaci\u00f3n de Entre R\u00edos , y su lugar fue ocupado por la militante del PRO, Nancy Ballejos. Fue una renuncia acordada para salvar el veto del presidente Milei a la reforma jubilatoria.<\/p>\n<p>\u00abSe trata de una decisi\u00f3n meditada y acordada con los dirigentes con quienes compartimos proyectos en com\u00fan y, en particular, con los de la regi\u00f3n de Santo Grande, donde la construcci\u00f3n de la represa modific\u00f3 sustancialmente la vida de la poblaci\u00f3n\u00bb, afirm\u00f3 Galimberti ese lunes en sus redes sociales tras renunciar como Diputado Nacional.<\/p>\n","protected":false},"excerpt":{"rendered":"<p>Pedro Galimberti asumi\u00f3 finalmente este viernes como vicepresidente de la Delegaci\u00f3n Argentina de la Comisi\u00f3n T\u00e9cnica Mixta de Salto Grande, tras aceptar el pedido el gobernador Rogelio Frigerio y renunciar a su banca como diputado nacional. Tras el acto de asunci\u00f3n, mantuvo un encuentro con el presidente de la Delegaci\u00f3n Argentina, Alejandro Daneri, cu\u00f1ado del gobernador Frigerio, y su par uruguayo, Mart\u00edn Burutar\u00e1n, en el Complejo Hidroel\u00e9ctrico &nbsp; &nbsp; &nbsp; \u00abEl viernes asum\u00ed como Vicepresidente de la Delegaci\u00f3n Argentina ante la Comisi\u00f3n T\u00e9cnica Mixta de Salto Grande\u00bb, anunci\u00f3 Galimberti en&#8230;<\/p>\n","protected":false},"author":3,"featured_media":120161,"comment_status":"closed","ping_status":"closed","sticky":false,"template":"","format":"standard","meta":[],"categories":[15],"tags":[],"_links":{"self":[{"href":"https:\/\/www.actualidadadiario.com\/index.php\/wp-json\/wp\/v2\/posts\/120160"}],"collection":[{"href":"https:\/\/www.actualidadadiario.com\/index.php\/wp-json\/wp\/v2\/posts"}],"about":[{"href":"https:\/\/www.actualidadadiario.com\/index.php\/wp-json\/wp\/v2\/types\/post"}],"author":[{"embeddable":true,"href":"https:\/\/www.actualidadadiario.com\/index.php\/wp-json\/wp\/v2\/users\/3"}],"replies":[{"embeddable":true,"href":"https:\/\/www.actualidadadiario.com\/index.php\/wp-json\/wp\/v2\/comments?post=120160"}],"version-history":[{"count":1,"href":"https:\/\/www.actualidadadiario.com\/index.php\/wp-json\/wp\/v2\/posts\/120160\/revisions"}],"predecessor-version":[{"id":120162,"href":"https:\/\/www.actualidadadiario.com\/index.php\/wp-json\/wp\/v2\/posts\/120160\/revisions\/120162"}],"wp:featuredmedia":[{"embeddable":true,"href":"https:\/\/www.actualidadadiario.com\/index.php\/wp-json\/wp\/v2\/media\/120161"}],"wp:attachment":[{"href":"https:\/\/www.actualidadadiario.com\/index.php\/wp-json\/wp\/v2\/media?parent=120160"}],"wp:term":[{"taxonomy":"category","embeddable":true,"href":"https:\/\/www.actualidadadiario.com\/index.php\/wp-json\/wp\/v2\/categories?post=120160"},{"taxonomy":"post_tag","embeddable":true,"href":"https:\/\/www.actualidadadiario.com\/index.php\/wp-json\/wp\/v2\/tags?post=120160"}],"curies":[{"name":"wp","href":"https:\/\/api.w.org\/{rel}","templated":true}]}}