{"id":120146,"date":"2024-09-16T10:29:50","date_gmt":"2024-09-16T13:29:50","guid":{"rendered":"https:\/\/www.actualidadadiario.com\/?p=120146"},"modified":"2024-09-16T10:29:50","modified_gmt":"2024-09-16T13:29:50","slug":"suben-las-temperaturas-preven-31-grados","status":"publish","type":"post","link":"https:\/\/www.actualidadadiario.com\/index.php\/2024\/09\/16\/suben-las-temperaturas-preven-31-grados\/","title":{"rendered":"Suben las temperaturas: prev\u00e9n 31 grados"},"content":{"rendered":"<p style=\"text-align: center;\"><em><strong>El ascenso t\u00e9rmico se habr\u00e1 notar a medida que se aproxime el inicio de la primavera. En Entre R\u00edos se pronostican hasta 31 grados para esta semana. En tanto, hay previstas tormentas aisladas, aunque la probabilidad de lluvias intensas es escasa<\/strong><\/em><\/p>\n<p>&nbsp;<\/p>\n<p>&nbsp;<\/p>\n<p>\u201cLos d\u00edas de altas temperaturas comienzan a ser frecuentes en la mayor parte de Argentina\u201d, se\u00f1al\u00f3 el meteor\u00f3logo, Leonardo De Benedictis.<\/p>\n<p>En ese marco, resalt\u00f3 que \u201chay que tener en cuenta que todav\u00eda la variabilidad t\u00e9rmica sigue siendo un factor muy importante por vigilar, ya que las irrupciones de aire fr\u00edo especialmente sobre la zona central del pa\u00eds pueden ser muy importantes, incluso con el registro de heladas moderadas a fuertes\u201d.<\/p>\n<p>Asimismo, hizo notar que \u201clas elevadas temperaturas y el ambiente seco son una combinaci\u00f3n que acent\u00faa el riesgo de incendio. Adem\u00e1s, la actividad agropecuaria ya se est\u00e1 viendo muy perjudicada por la falta de lluvias\u201d.<\/p>\n<p>&nbsp;<\/p>\n<p><strong>Sube la temperatura<\/strong><\/p>\n<p>La persistencia de la circulaci\u00f3n del viento del sector norte fomentar\u00e1 el incremento de las marcas t\u00e9rmicas. Los valores pasar\u00edan a ser superiores a los par\u00e1metros normales para la \u00e9poca del a\u00f1o, \u201csuperando la barrera de los 30 \u00baC en el centro del pa\u00eds y de los 35 \u00baC en la franja norte, alcanzando picos m\u00e1ximos de hasta 39 \u00baC especialmente en Chaco, Formosa y Salta\u201d, advirti\u00f3 el especialista.<\/p>\n<p>Adem\u00e1s, al ser un ambiente de altas temperaturas, pero con poca carga de humedad, \u201clas condiciones de estabilidad permanecer\u00e1n en todo el pa\u00eds, favoreciendo la presencia de d\u00edas soleados y secos\u201d.<\/p>\n<p>&nbsp;<\/p>\n<p><strong>Detalles del pron\u00f3stico para Entre R\u00edos<\/strong><\/p>\n<p>En nuestra provincia, para hoy se prev\u00e9 una temperatura m\u00e1xima de 24 grados, con cielo parcialmente nublado.<\/p>\n<p>El martes, la m\u00ednima rondar\u00e1 los 10 grados, mientras que por la tarde se alcanzar\u00edan los 25 grados cent\u00edgrados. El mi\u00e9rcoles, el calor ser har\u00eda m\u00e1s notorio, con 12 grados a la ma\u00f1ana y 29 grados cent\u00edgrados como m\u00e1ximas.<\/p>\n<p>Finalmente, el jueves se dar\u00eda el pico de temperaturas, con 31 grados, mientras que tambi\u00e9n para ese d\u00eda hay previstas tormentas que ser\u00edan aisladas y con escasas probabilidad de lluvias importantes.<\/p>\n<p>El viernes habr\u00eda un descenso en los registros t\u00e9rmicos, pero leve: 10 grados de m\u00ednima y 23 de m\u00e1xima.<\/p>\n","protected":false},"excerpt":{"rendered":"<p>El ascenso t\u00e9rmico se habr\u00e1 notar a medida que se aproxime el inicio de la primavera. En Entre R\u00edos se pronostican hasta 31 grados para esta semana. En tanto, hay previstas tormentas aisladas, aunque la probabilidad de lluvias intensas es escasa &nbsp; &nbsp; \u201cLos d\u00edas de altas temperaturas comienzan a ser frecuentes en la mayor parte de Argentina\u201d, se\u00f1al\u00f3 el meteor\u00f3logo, Leonardo De Benedictis. En ese marco, resalt\u00f3 que \u201chay que tener en cuenta que todav\u00eda la variabilidad t\u00e9rmica sigue siendo un factor muy importante por vigilar, ya que las&#8230;<\/p>\n","protected":false},"author":3,"featured_media":89008,"comment_status":"closed","ping_status":"closed","sticky":false,"template":"","format":"standard","meta":[],"categories":[15],"tags":[],"_links":{"self":[{"href":"https:\/\/www.actualidadadiario.com\/index.php\/wp-json\/wp\/v2\/posts\/120146"}],"collection":[{"href":"https:\/\/www.actualidadadiario.com\/index.php\/wp-json\/wp\/v2\/posts"}],"about":[{"href":"https:\/\/www.actualidadadiario.com\/index.php\/wp-json\/wp\/v2\/types\/post"}],"author":[{"embeddable":true,"href":"https:\/\/www.actualidadadiario.com\/index.php\/wp-json\/wp\/v2\/users\/3"}],"replies":[{"embeddable":true,"href":"https:\/\/www.actualidadadiario.com\/index.php\/wp-json\/wp\/v2\/comments?post=120146"}],"version-history":[{"count":1,"href":"https:\/\/www.actualidadadiario.com\/index.php\/wp-json\/wp\/v2\/posts\/120146\/revisions"}],"predecessor-version":[{"id":120147,"href":"https:\/\/www.actualidadadiario.com\/index.php\/wp-json\/wp\/v2\/posts\/120146\/revisions\/120147"}],"wp:featuredmedia":[{"embeddable":true,"href":"https:\/\/www.actualidadadiario.com\/index.php\/wp-json\/wp\/v2\/media\/89008"}],"wp:attachment":[{"href":"https:\/\/www.actualidadadiario.com\/index.php\/wp-json\/wp\/v2\/media?parent=120146"}],"wp:term":[{"taxonomy":"category","embeddable":true,"href":"https:\/\/www.actualidadadiario.com\/index.php\/wp-json\/wp\/v2\/categories?post=120146"},{"taxonomy":"post_tag","embeddable":true,"href":"https:\/\/www.actualidadadiario.com\/index.php\/wp-json\/wp\/v2\/tags?post=120146"}],"curies":[{"name":"wp","href":"https:\/\/api.w.org\/{rel}","templated":true}]}}