{"id":120143,"date":"2024-09-16T10:29:08","date_gmt":"2024-09-16T13:29:08","guid":{"rendered":"https:\/\/www.actualidadadiario.com\/?p=120143"},"modified":"2024-09-16T10:29:08","modified_gmt":"2024-09-16T13:29:08","slug":"el-procurador-y-el-defensor-general-concurriran-al-senado-por-la-reforma-del-codigo-procesal-penal","status":"publish","type":"post","link":"https:\/\/www.actualidadadiario.com\/index.php\/2024\/09\/16\/el-procurador-y-el-defensor-general-concurriran-al-senado-por-la-reforma-del-codigo-procesal-penal\/","title":{"rendered":"El procurador y el defensor general concurrir\u00e1n al Senado por la  reforma del C\u00f3digo Procesal Penal"},"content":{"rendered":"<p style=\"text-align: center;\"><em><strong>El mi\u00e9rcoles 18 el procurador Jorge Garc\u00eda y el defensor general Maximiliano Ben\u00edtez concurrir\u00e1n al Senado para dar su opini\u00f3n sobre el proyecto que pretende modificar el C\u00f3digo Procesal Penal (CPP) de Entre R\u00edos. El mi\u00e9rcoles 4 concurri\u00f3 el secretario de Justicia, Mart\u00edn Acevedo Mi\u00f1o. El proyecto ingres\u00f3 al Senado en abril de 2024 y tiene 190 art\u00edculos<\/strong><\/em><\/p>\n<p>&nbsp;<\/p>\n<p>&nbsp;<\/p>\n<p>El mi\u00e9rcoles 18 el procurador y el defensor general de la provincia concurrir\u00e1n al Senado para dar su opini\u00f3n sobre el proyecto que pretende modificar el C\u00f3digo Procesal Penal (CPP) de Entre R\u00edos. El mi\u00e9rcoles 4 concurri\u00f3 el secretario de Justicia, Mart\u00edn Acevedo Mi\u00f1o. El proyecto ingres\u00f3 al Senado en abril de 2024 y tiene 190 art\u00edculos. El presidente de la Comisi\u00f3n, Jaime Benedetti, explic\u00f3 que el objetivo de estos encuentros es colectar opiniones de los especialistas para tener una visi\u00f3n amplia de la reforma propuesta.<\/p>\n<p>El mi\u00e9rcoles 18 volver\u00e1 a reunirse la Comisi\u00f3n de Legislaci\u00f3n General de la C\u00e1mara Alta para seguir recolectando la opini\u00f3n de especialistas para enriquecer el proyecto de reforma del C\u00f3digo Procesal Penal de la provincia. Se trata de una iniciativa que lleg\u00f3 al Senado en abril de 2024 y que tiene 190 art\u00edculos. En esta ocasi\u00f3n fueron invitados a aportar sus visiones, el procurador y el defensor general de la provincia, Jorge Garc\u00eda y Maximiliano Ben\u00edtez, respectivamente.<\/p>\n<p>La presencia de las dos altas autoridades judiciales significa la continuidad de las reuniones que comenzaron el mi\u00e9rcoles 4 de septiembre, cuando fueron invitados el ministro de Seguridad y Justicia, N\u00e9stor Roncaglia, y el secretario de Justicia de Entre R\u00edos, Mart\u00edn Acevedo Mi\u00f1o. A aquella reuni\u00f3n solo asisti\u00f3 en secretario, puesto que el ministro se encontraba de viaje con una importante agenda de actividades por delante, entre las que se destac\u00f3 la participaci\u00f3n como expositor y moderador en distintas mesas de trabajo en el<\/p>\n<p>Foro de Cooperaci\u00f3n Global de Seguridad P\u00fablica en China, que se viene desarrollando desde 2015. Los gastos, en su totalidad, fueron solventados por el gobierno Chino.<\/p>\n<p>Seg\u00fan explic\u00f3 oportunamente el presidente de la Comisi\u00f3n, el senador oficialista Jaime Benedetti, la idea de los legisladores es colectar opiniones de los especialistas para tener una visi\u00f3n amplia de la reforma propuesta. Entre aquellas opiniones se encuentra la del<\/p>\n<p>Colegio de la Abogac\u00eda de Entre R\u00edos (CAER), y la de la Procuraci\u00f3n General y la\u00a0 Defensor\u00eda General, entre otros actores del sistema.<\/p>\n<p>En el primer encuentro de la Comisi\u00f3n, Acevedo Mi\u00f1o destac\u00f3, por el volumen del proyecto, la necesidad de sostener la coherencia normativa, cumpliendo acabadamente los par\u00e1metros constitucionales y en el marco de los convenios internacionales. Tambi\u00e9n resalt\u00f3 lo establecido en la constituci\u00f3n entrerriana y hubo un profundo intercambio en torno a los plazos procesales.<\/p>\n<p>A fines de septiembre de 2023 la Sala Penal del Superior Tribunal de Justicia (STJ), integrada por su presidenta, Claudia Mizawak, Daniel Carubia y Miguel \u00c1ngel Giorgio, concurri\u00f3 a la Comisi\u00f3n de Legislaci\u00f3n General de la C\u00e1mara de Senadores para brindar detalles y responder preguntas sobre su proyecto de reforma parcial del CPP de Entre R\u00edos.<\/p>\n<p>Los vocales del Alto Cuerpo recordaron en septiembre de 2023 que a pedido del entonces gobernador, Gustavo Bordet, se comenz\u00f3 a trabajar en el proyecto de reforma parcial del CPP, realiz\u00e1ndose reuniones de trabajo con diferentes operadores judiciales del fuero penal, siendo el mismo el resultado de un trabajo mancomunado, a trav\u00e9s de cada uno de los aportes realizados, tales como la Asociaci\u00f3n de la Magistratura y el Funcionariado de la provincia, el CAER; las Oficinas de Gesti\u00f3n de Audiencias y la Oficina de Medidas Alternativas, como tambi\u00e9n el Departamento M\u00e9dico Forense y su Equipo T\u00e9cnico Interdisciplinario.<\/p>\n","protected":false},"excerpt":{"rendered":"<p>El mi\u00e9rcoles 18 el procurador Jorge Garc\u00eda y el defensor general Maximiliano Ben\u00edtez concurrir\u00e1n al Senado para dar su opini\u00f3n sobre el proyecto que pretende modificar el C\u00f3digo Procesal Penal (CPP) de Entre R\u00edos. El mi\u00e9rcoles 4 concurri\u00f3 el secretario de Justicia, Mart\u00edn Acevedo Mi\u00f1o. El proyecto ingres\u00f3 al Senado en abril de 2024 y tiene 190 art\u00edculos &nbsp; &nbsp; El mi\u00e9rcoles 18 el procurador y el defensor general de la provincia concurrir\u00e1n al Senado para dar su opini\u00f3n sobre el proyecto que pretende modificar el C\u00f3digo Procesal Penal (CPP)&#8230;<\/p>\n","protected":false},"author":3,"featured_media":120144,"comment_status":"closed","ping_status":"closed","sticky":false,"template":"","format":"standard","meta":[],"categories":[15],"tags":[],"_links":{"self":[{"href":"https:\/\/www.actualidadadiario.com\/index.php\/wp-json\/wp\/v2\/posts\/120143"}],"collection":[{"href":"https:\/\/www.actualidadadiario.com\/index.php\/wp-json\/wp\/v2\/posts"}],"about":[{"href":"https:\/\/www.actualidadadiario.com\/index.php\/wp-json\/wp\/v2\/types\/post"}],"author":[{"embeddable":true,"href":"https:\/\/www.actualidadadiario.com\/index.php\/wp-json\/wp\/v2\/users\/3"}],"replies":[{"embeddable":true,"href":"https:\/\/www.actualidadadiario.com\/index.php\/wp-json\/wp\/v2\/comments?post=120143"}],"version-history":[{"count":1,"href":"https:\/\/www.actualidadadiario.com\/index.php\/wp-json\/wp\/v2\/posts\/120143\/revisions"}],"predecessor-version":[{"id":120145,"href":"https:\/\/www.actualidadadiario.com\/index.php\/wp-json\/wp\/v2\/posts\/120143\/revisions\/120145"}],"wp:featuredmedia":[{"embeddable":true,"href":"https:\/\/www.actualidadadiario.com\/index.php\/wp-json\/wp\/v2\/media\/120144"}],"wp:attachment":[{"href":"https:\/\/www.actualidadadiario.com\/index.php\/wp-json\/wp\/v2\/media?parent=120143"}],"wp:term":[{"taxonomy":"category","embeddable":true,"href":"https:\/\/www.actualidadadiario.com\/index.php\/wp-json\/wp\/v2\/categories?post=120143"},{"taxonomy":"post_tag","embeddable":true,"href":"https:\/\/www.actualidadadiario.com\/index.php\/wp-json\/wp\/v2\/tags?post=120143"}],"curies":[{"name":"wp","href":"https:\/\/api.w.org\/{rel}","templated":true}]}}