{"id":120137,"date":"2024-09-16T10:26:06","date_gmt":"2024-09-16T13:26:06","guid":{"rendered":"https:\/\/www.actualidadadiario.com\/?p=120137"},"modified":"2024-09-16T10:26:06","modified_gmt":"2024-09-16T13:26:06","slug":"provincia-y-municipios-se-reuniran-manana-para-resolver-que-hacer-con-el-cobro-de-tasas-en-la-boleta-de-la-luz","status":"publish","type":"post","link":"https:\/\/www.actualidadadiario.com\/index.php\/2024\/09\/16\/provincia-y-municipios-se-reuniran-manana-para-resolver-que-hacer-con-el-cobro-de-tasas-en-la-boleta-de-la-luz\/","title":{"rendered":"Provincia y municipios se reunir\u00e1n ma\u00f1ana para resolver qu\u00e9 hacer con el cobro de tasas en la boleta de la luz"},"content":{"rendered":"<p style=\"text-align: center;\"><em><strong>El Gobierno provincial convoc\u00f3 a autoridades de las intendencias provinciales a un encuentro para analizar qu\u00e9 hacer ante la resoluci\u00f3n del Gobierno nacional que impide cobrar tasas municipales a trav\u00e9s de las boletas de luz. La cita est\u00e1 programada para el martes, confirmaron fuentes oficiales<\/strong><\/em><\/p>\n<p>&nbsp;<\/p>\n<p>&nbsp;<\/p>\n<p>La primera lectura que hicieron algunos municipios de la resoluci\u00f3n firmada por el ministro de Econom\u00eda de la Naci\u00f3n concluye que su redacci\u00f3n es \u201cvaga\u201d, seg\u00fan indicaron.<\/p>\n<p>La normativa apunta, m\u00e1s que nada, a municipios del AMBA (\u00e1rea metropolitana de Buenos Aires) donde el poder concedente del servicio el\u00e9ctrico es el Gobierno nacional. Son las \u00e1reas donde hasta los \u201990 operaba Segba, que fue desguazada en varias prestadoras antes de ser privatizada.<\/p>\n<p>Por el momento, entonces, los Gobiernos locales seguir\u00e1n cobrando a trav\u00e9s de la factura de luz la tasa de alumbrado p\u00fablico. Enersa y las cooperativas que act\u00faan en Entre R\u00edos como meros agentes de retenci\u00f3n de este gravamen que, adem\u00e1s, est\u00e1 \u00edntimamente ligado con el servicio donde se lo cobra.<\/p>\n","protected":false},"excerpt":{"rendered":"<p>El Gobierno provincial convoc\u00f3 a autoridades de las intendencias provinciales a un encuentro para analizar qu\u00e9 hacer ante la resoluci\u00f3n del Gobierno nacional que impide cobrar tasas municipales a trav\u00e9s de las boletas de luz. La cita est\u00e1 programada para el martes, confirmaron fuentes oficiales &nbsp; &nbsp; La primera lectura que hicieron algunos municipios de la resoluci\u00f3n firmada por el ministro de Econom\u00eda de la Naci\u00f3n concluye que su redacci\u00f3n es \u201cvaga\u201d, seg\u00fan indicaron. La normativa apunta, m\u00e1s que nada, a municipios del AMBA (\u00e1rea metropolitana de Buenos Aires) donde&#8230;<\/p>\n","protected":false},"author":3,"featured_media":115893,"comment_status":"closed","ping_status":"closed","sticky":false,"template":"","format":"standard","meta":[],"categories":[15],"tags":[],"_links":{"self":[{"href":"https:\/\/www.actualidadadiario.com\/index.php\/wp-json\/wp\/v2\/posts\/120137"}],"collection":[{"href":"https:\/\/www.actualidadadiario.com\/index.php\/wp-json\/wp\/v2\/posts"}],"about":[{"href":"https:\/\/www.actualidadadiario.com\/index.php\/wp-json\/wp\/v2\/types\/post"}],"author":[{"embeddable":true,"href":"https:\/\/www.actualidadadiario.com\/index.php\/wp-json\/wp\/v2\/users\/3"}],"replies":[{"embeddable":true,"href":"https:\/\/www.actualidadadiario.com\/index.php\/wp-json\/wp\/v2\/comments?post=120137"}],"version-history":[{"count":1,"href":"https:\/\/www.actualidadadiario.com\/index.php\/wp-json\/wp\/v2\/posts\/120137\/revisions"}],"predecessor-version":[{"id":120138,"href":"https:\/\/www.actualidadadiario.com\/index.php\/wp-json\/wp\/v2\/posts\/120137\/revisions\/120138"}],"wp:featuredmedia":[{"embeddable":true,"href":"https:\/\/www.actualidadadiario.com\/index.php\/wp-json\/wp\/v2\/media\/115893"}],"wp:attachment":[{"href":"https:\/\/www.actualidadadiario.com\/index.php\/wp-json\/wp\/v2\/media?parent=120137"}],"wp:term":[{"taxonomy":"category","embeddable":true,"href":"https:\/\/www.actualidadadiario.com\/index.php\/wp-json\/wp\/v2\/categories?post=120137"},{"taxonomy":"post_tag","embeddable":true,"href":"https:\/\/www.actualidadadiario.com\/index.php\/wp-json\/wp\/v2\/tags?post=120137"}],"curies":[{"name":"wp","href":"https:\/\/api.w.org\/{rel}","templated":true}]}}