{"id":120134,"date":"2024-09-16T10:25:24","date_gmt":"2024-09-16T13:25:24","guid":{"rendered":"https:\/\/www.actualidadadiario.com\/?p=120134"},"modified":"2024-09-16T10:25:24","modified_gmt":"2024-09-16T13:25:24","slug":"por-el-mal-estado-de-la-ruta-camionero-de-ubajay-volco-en-la-autovia-de-la-rn14","status":"publish","type":"post","link":"https:\/\/www.actualidadadiario.com\/index.php\/2024\/09\/16\/por-el-mal-estado-de-la-ruta-camionero-de-ubajay-volco-en-la-autovia-de-la-rn14\/","title":{"rendered":"\u201cPor el mal estado de la ruta\u201d, camionero de Ubajay volc\u00f3 en la autov\u00eda de la RN14"},"content":{"rendered":"<p style=\"text-align: center;\"><em><strong>Un hombre mayor de edad, oriundo de Ubajay, Departamento Col\u00f3n, fue trasladado en ambulancia al hospital &#8220;Santa Rosa&#8221; de Chajar\u00ed con \u201clesiones de car\u00e1cter leves\u201d, inform\u00f3 la Jefatura de Polic\u00eda Federaci\u00f3n<\/strong><\/em><\/p>\n<p>&nbsp;<\/p>\n<p>&nbsp;<\/p>\n<p>En efecto, personal de la Comisar\u00eda Mandisov\u00ed intervino en el siniestro ocurrido a la altura del kil\u00f3metro 337 de la autov\u00eda \u201cJos\u00e9 Gervasio Artigas\u201d de la Ruta Nacional 14. Fue protagonizado por un cami\u00f3n Renault (blanco, con acoplado y sin carga).<\/p>\n<p>El veh\u00edculo de gran porte transitaba en sentido de circulaci\u00f3n sur a norte. Seg\u00fan la Polic\u00eda, detallaron que, \u201cpor el mal estado de la ruta, pierde el control del rodado volcando sobre la banquina este\u201d. En el lugar intervino personal de la Direcci\u00f3n Prevenci\u00f3n y Seguridad Vial, Comisar\u00eda Mandisov\u00ed con colaboraci\u00f3n de la Delegaci\u00f3n Toxicolog\u00eda Chajar\u00ed.<\/p>\n","protected":false},"excerpt":{"rendered":"<p>Un hombre mayor de edad, oriundo de Ubajay, Departamento Col\u00f3n, fue trasladado en ambulancia al hospital &#8220;Santa Rosa&#8221; de Chajar\u00ed con \u201clesiones de car\u00e1cter leves\u201d, inform\u00f3 la Jefatura de Polic\u00eda Federaci\u00f3n &nbsp; &nbsp; En efecto, personal de la Comisar\u00eda Mandisov\u00ed intervino en el siniestro ocurrido a la altura del kil\u00f3metro 337 de la autov\u00eda \u201cJos\u00e9 Gervasio Artigas\u201d de la Ruta Nacional 14. Fue protagonizado por un cami\u00f3n Renault (blanco, con acoplado y sin carga). El veh\u00edculo de gran porte transitaba en sentido de circulaci\u00f3n sur a norte. Seg\u00fan la Polic\u00eda,&#8230;<\/p>\n","protected":false},"author":3,"featured_media":120135,"comment_status":"closed","ping_status":"closed","sticky":false,"template":"","format":"standard","meta":[],"categories":[15],"tags":[],"_links":{"self":[{"href":"https:\/\/www.actualidadadiario.com\/index.php\/wp-json\/wp\/v2\/posts\/120134"}],"collection":[{"href":"https:\/\/www.actualidadadiario.com\/index.php\/wp-json\/wp\/v2\/posts"}],"about":[{"href":"https:\/\/www.actualidadadiario.com\/index.php\/wp-json\/wp\/v2\/types\/post"}],"author":[{"embeddable":true,"href":"https:\/\/www.actualidadadiario.com\/index.php\/wp-json\/wp\/v2\/users\/3"}],"replies":[{"embeddable":true,"href":"https:\/\/www.actualidadadiario.com\/index.php\/wp-json\/wp\/v2\/comments?post=120134"}],"version-history":[{"count":1,"href":"https:\/\/www.actualidadadiario.com\/index.php\/wp-json\/wp\/v2\/posts\/120134\/revisions"}],"predecessor-version":[{"id":120136,"href":"https:\/\/www.actualidadadiario.com\/index.php\/wp-json\/wp\/v2\/posts\/120134\/revisions\/120136"}],"wp:featuredmedia":[{"embeddable":true,"href":"https:\/\/www.actualidadadiario.com\/index.php\/wp-json\/wp\/v2\/media\/120135"}],"wp:attachment":[{"href":"https:\/\/www.actualidadadiario.com\/index.php\/wp-json\/wp\/v2\/media?parent=120134"}],"wp:term":[{"taxonomy":"category","embeddable":true,"href":"https:\/\/www.actualidadadiario.com\/index.php\/wp-json\/wp\/v2\/categories?post=120134"},{"taxonomy":"post_tag","embeddable":true,"href":"https:\/\/www.actualidadadiario.com\/index.php\/wp-json\/wp\/v2\/tags?post=120134"}],"curies":[{"name":"wp","href":"https:\/\/api.w.org\/{rel}","templated":true}]}}