{"id":120121,"date":"2024-09-13T15:54:42","date_gmt":"2024-09-13T18:54:42","guid":{"rendered":"https:\/\/www.actualidadadiario.com\/?p=120121"},"modified":"2024-09-13T15:54:42","modified_gmt":"2024-09-13T18:54:42","slug":"el-papa-ya-se-encuentra-en-roma-tras-viaje-a-asia-y-oceania","status":"publish","type":"post","link":"https:\/\/www.actualidadadiario.com\/index.php\/2024\/09\/13\/el-papa-ya-se-encuentra-en-roma-tras-viaje-a-asia-y-oceania\/","title":{"rendered":"El Papa ya se encuentra en Roma tras viaje a Asia y Ocean\u00eda"},"content":{"rendered":"<p style=\"text-align: center;\"><em><strong>El avi\u00f3n papal aterriz\u00f3 en el Aeropuerto Internacional de Fiumicino a las 18:46 tras una visita de 11 d\u00edas a 4 pa\u00edses: Indonesia, Pap\u00faa Nueva Guinea, Timor Oriental y Singapur, marcando el Viaje Apost\u00f3lico internacional m\u00e1s extenso de su Pontificado<\/strong><\/em><\/p>\n<p>&nbsp;<\/p>\n<p>&nbsp;<\/p>\n<p>Tras su Viaje Apost\u00f3lico a Asia y Ocean\u00eda, en el que ha visitado Indonesia, Pap\u00faa Nueva Guinea, Timor Oriental y Singapur, el Papa Francisco lleg\u00f3 al Aeropuerto Internacional de Roma &#8211; Fiumicino este viernes 13 de septiembre a las 18:46. El avi\u00f3n A350 de Singapore Airlines, que trasladaba al Pont\u00edfice, su s\u00e9quito y numerosos periodistas de todo el mundo, hab\u00eda despegado de Singapur a las 6:25 (hora italiana, las 12:25 hora local).<\/p>\n<p>Durante el trayecto sobrevol\u00f3 Indonesia, Malasia, Tailandia, Myanmar, India, Pakist\u00e1n, Afganist\u00e1n, Tayikist\u00e1n, Uzbekist\u00e1n, Turkmenist\u00e1n, Azerbaiy\u00e1n, Georgia, Turqu\u00eda, Grecia, Albania y, al arribar a Italia, el Santo Padre envi\u00f3 los habituales telegramas a los respectivos Jefes de Estado, implorando las bendiciones divinas sobre cada naci\u00f3n. Asimismo, el Obispo de Roma respondi\u00f3 a las preguntas de los periodistas en la acostumbrada rueda de prensa.<\/p>\n<p>En los once d\u00edas de su visita, Francisco pronunci\u00f3 doce discursos, cuatro homil\u00edas (en Timor Oriental los dirigi\u00f3 en espa\u00f1ol) y viaj\u00f3 en siete vuelos. La \u00faltima actividad p\u00fablica antes de despedirse de Singapur fue un encuentro interreligioso con los j\u00f3venes en Singapur. Les dedic\u00f3 unas palabras improvisadas, invit\u00e1ndolos a ser valientes, advirti\u00e9ndoles sobre el riesgo de que las zonas de confort &#8220;engordan la mente&#8221; e incentiv\u00e1ndolos a utilizar las nuevas tecnolog\u00edas de la comunicaci\u00f3n para avanzar sin esclavizarse.<\/p>\n<p>El Papa, a sus 87 a\u00f1os, se subir\u00e1 a otro avi\u00f3n en trece d\u00edas para viajar a B\u00e9lgica y Luxemburgo, donde se encontrar\u00e1 del 26 al 29 de septiembre.<\/p>\n","protected":false},"excerpt":{"rendered":"<p>El avi\u00f3n papal aterriz\u00f3 en el Aeropuerto Internacional de Fiumicino a las 18:46 tras una visita de 11 d\u00edas a 4 pa\u00edses: Indonesia, Pap\u00faa Nueva Guinea, Timor Oriental y Singapur, marcando el Viaje Apost\u00f3lico internacional m\u00e1s extenso de su Pontificado &nbsp; &nbsp; Tras su Viaje Apost\u00f3lico a Asia y Ocean\u00eda, en el que ha visitado Indonesia, Pap\u00faa Nueva Guinea, Timor Oriental y Singapur, el Papa Francisco lleg\u00f3 al Aeropuerto Internacional de Roma &#8211; Fiumicino este viernes 13 de septiembre a las 18:46. El avi\u00f3n A350 de Singapore Airlines, que trasladaba&#8230;<\/p>\n","protected":false},"author":3,"featured_media":115655,"comment_status":"closed","ping_status":"closed","sticky":false,"template":"","format":"standard","meta":[],"categories":[4],"tags":[],"_links":{"self":[{"href":"https:\/\/www.actualidadadiario.com\/index.php\/wp-json\/wp\/v2\/posts\/120121"}],"collection":[{"href":"https:\/\/www.actualidadadiario.com\/index.php\/wp-json\/wp\/v2\/posts"}],"about":[{"href":"https:\/\/www.actualidadadiario.com\/index.php\/wp-json\/wp\/v2\/types\/post"}],"author":[{"embeddable":true,"href":"https:\/\/www.actualidadadiario.com\/index.php\/wp-json\/wp\/v2\/users\/3"}],"replies":[{"embeddable":true,"href":"https:\/\/www.actualidadadiario.com\/index.php\/wp-json\/wp\/v2\/comments?post=120121"}],"version-history":[{"count":1,"href":"https:\/\/www.actualidadadiario.com\/index.php\/wp-json\/wp\/v2\/posts\/120121\/revisions"}],"predecessor-version":[{"id":120122,"href":"https:\/\/www.actualidadadiario.com\/index.php\/wp-json\/wp\/v2\/posts\/120121\/revisions\/120122"}],"wp:featuredmedia":[{"embeddable":true,"href":"https:\/\/www.actualidadadiario.com\/index.php\/wp-json\/wp\/v2\/media\/115655"}],"wp:attachment":[{"href":"https:\/\/www.actualidadadiario.com\/index.php\/wp-json\/wp\/v2\/media?parent=120121"}],"wp:term":[{"taxonomy":"category","embeddable":true,"href":"https:\/\/www.actualidadadiario.com\/index.php\/wp-json\/wp\/v2\/categories?post=120121"},{"taxonomy":"post_tag","embeddable":true,"href":"https:\/\/www.actualidadadiario.com\/index.php\/wp-json\/wp\/v2\/tags?post=120121"}],"curies":[{"name":"wp","href":"https:\/\/api.w.org\/{rel}","templated":true}]}}