{"id":120118,"date":"2024-09-13T15:53:40","date_gmt":"2024-09-13T18:53:40","guid":{"rendered":"https:\/\/www.actualidadadiario.com\/?p=120118"},"modified":"2024-09-13T15:53:40","modified_gmt":"2024-09-13T18:53:40","slug":"declararon-a-san-pablo-como-la-metropoli-con-peor-calidad-de-aire-del-mundo","status":"publish","type":"post","link":"https:\/\/www.actualidadadiario.com\/index.php\/2024\/09\/13\/declararon-a-san-pablo-como-la-metropoli-con-peor-calidad-de-aire-del-mundo\/","title":{"rendered":"Declararon a San Pablo como la metr\u00f3poli con peor calidad de aire del mundo"},"content":{"rendered":"<p style=\"text-align: center;\"><em><strong>En las \u00faltimas horas, el sur de Brasil registraba lluvia negra de holl\u00edn, a causa de los incendios forestales<\/strong><\/em><\/p>\n<p>&nbsp;<\/p>\n<p>&nbsp;<\/p>\n<p>La ciudad de San Pablo, la m\u00e1s poblada de Brasil y Sudam\u00e9rica, fue considerada por cuarto d\u00eda consecutivo como la metr\u00f3poli con peor calidad de aire del mundo, producto de los incendios forestales y las quemas en la selva amaz\u00f3nica (norte) y el bioma Pantanal (oeste), seg\u00fan informaci\u00f3n del observatorio internacional de calidad del aire (IQAir).<\/p>\n<p>La calidad del aire en la metr\u00f3poli de San Pablo con 12 millones de habitantes y m\u00e1s de 7 millones de veh\u00edculos que a diario circulan por sus calles marc\u00f3 169 AQI (\u00edndice de calidad del aire), al registrar una concentraci\u00f3n de part\u00edculas contaminantes 16,2 veces mayor que lo recomendado por la Organizaci\u00f3n Mundial de la Salud.<\/p>\n<p>La principal ciudad de Brasil y polo financiero e industrial de Sudam\u00e9rica, presenta una nubosidad color rojizo en la atm\u00f3sfera a consecuencia del humo y la ceniza por el fuego o quemas en los cultivos de ca\u00f1a de az\u00facar en el interior del estado, as\u00ed como en \u00e1reas de la Amazonia y el Pantanal.<\/p>\n<p>Otras ciudades brasile\u00f1as tambi\u00e9n recibieron una calificaci\u00f3n de &#8220;insalubre&#8221; en la calidad del aire por parte del observatorio internacional IQAir como Campinas, localizado en el interior del estado de San Pablo; Curitiba, que es la capital de Paran\u00e1 (sur); Rio Branco, la capital del estado amaz\u00f3nico de Acre (noroeste) y Porto Velho, la capital de Rondonia (noroeste).<\/p>\n<p>La alcald\u00eda de Sao Paulo public\u00f3 en el Diario Oficial local la creaci\u00f3n de un comit\u00e9 de crisis respecto al cuidado de la poblaci\u00f3n frente a la calidad del aire, sobre todo para aumentar el presupuesto en la atenci\u00f3n a los ancianos.<\/p>\n<p>Se anunci\u00f3 tambi\u00e9n la compra de aparatos para humedecer y purificar el aire en escuelas situadas en barrios con niveles de humedad bajos, as\u00ed como incrementar la distribuci\u00f3n de agua potable y otros l\u00edquidos.<\/p>\n","protected":false},"excerpt":{"rendered":"<p>En las \u00faltimas horas, el sur de Brasil registraba lluvia negra de holl\u00edn, a causa de los incendios forestales &nbsp; &nbsp; La ciudad de San Pablo, la m\u00e1s poblada de Brasil y Sudam\u00e9rica, fue considerada por cuarto d\u00eda consecutivo como la metr\u00f3poli con peor calidad de aire del mundo, producto de los incendios forestales y las quemas en la selva amaz\u00f3nica (norte) y el bioma Pantanal (oeste), seg\u00fan informaci\u00f3n del observatorio internacional de calidad del aire (IQAir). La calidad del aire en la metr\u00f3poli de San Pablo con 12 millones&#8230;<\/p>\n","protected":false},"author":3,"featured_media":120119,"comment_status":"closed","ping_status":"closed","sticky":false,"template":"","format":"standard","meta":[],"categories":[4],"tags":[],"_links":{"self":[{"href":"https:\/\/www.actualidadadiario.com\/index.php\/wp-json\/wp\/v2\/posts\/120118"}],"collection":[{"href":"https:\/\/www.actualidadadiario.com\/index.php\/wp-json\/wp\/v2\/posts"}],"about":[{"href":"https:\/\/www.actualidadadiario.com\/index.php\/wp-json\/wp\/v2\/types\/post"}],"author":[{"embeddable":true,"href":"https:\/\/www.actualidadadiario.com\/index.php\/wp-json\/wp\/v2\/users\/3"}],"replies":[{"embeddable":true,"href":"https:\/\/www.actualidadadiario.com\/index.php\/wp-json\/wp\/v2\/comments?post=120118"}],"version-history":[{"count":1,"href":"https:\/\/www.actualidadadiario.com\/index.php\/wp-json\/wp\/v2\/posts\/120118\/revisions"}],"predecessor-version":[{"id":120120,"href":"https:\/\/www.actualidadadiario.com\/index.php\/wp-json\/wp\/v2\/posts\/120118\/revisions\/120120"}],"wp:featuredmedia":[{"embeddable":true,"href":"https:\/\/www.actualidadadiario.com\/index.php\/wp-json\/wp\/v2\/media\/120119"}],"wp:attachment":[{"href":"https:\/\/www.actualidadadiario.com\/index.php\/wp-json\/wp\/v2\/media?parent=120118"}],"wp:term":[{"taxonomy":"category","embeddable":true,"href":"https:\/\/www.actualidadadiario.com\/index.php\/wp-json\/wp\/v2\/categories?post=120118"},{"taxonomy":"post_tag","embeddable":true,"href":"https:\/\/www.actualidadadiario.com\/index.php\/wp-json\/wp\/v2\/tags?post=120118"}],"curies":[{"name":"wp","href":"https:\/\/api.w.org\/{rel}","templated":true}]}}