{"id":120115,"date":"2024-09-13T15:52:34","date_gmt":"2024-09-13T18:52:34","guid":{"rendered":"https:\/\/www.actualidadadiario.com\/?p=120115"},"modified":"2024-09-13T15:52:34","modified_gmt":"2024-09-13T18:52:34","slug":"expresidentes-de-todo-el-mundo-piden-a-biden-que-excluya-a-cuba-de-la-lista-de-estados-patrocinadores-del-terrorismo","status":"publish","type":"post","link":"https:\/\/www.actualidadadiario.com\/index.php\/2024\/09\/13\/expresidentes-de-todo-el-mundo-piden-a-biden-que-excluya-a-cuba-de-la-lista-de-estados-patrocinadores-del-terrorismo\/","title":{"rendered":"Expresidentes de todo el mundo piden a Biden que excluya a Cuba de la lista de Estados patrocinadores del terrorismo"},"content":{"rendered":"<p style=\"text-align: center;\"><em><strong>Los firmantes de una carta dirigida a Joe Biden califican la inclusi\u00f3n de \u201cmedida coercitiva\u201d que ha contribuido a la grave crisis econ\u00f3mica que atraviesa el pa\u00eds y la consecuente ola migratoria<\/strong><\/em><\/p>\n<p>&nbsp;<\/p>\n<p>&nbsp;<\/p>\n<p>Decenas de expresidentes y ex primeros ministros de todo el mundo suscriben una carta en la que trasladan al presidente estadounidense, Joe Biden, a pocos meses de terminar su mandato, una solicitud hecha por otros en el pasado: retirar a Cuba de la lista de Estados patrocinadores del terrorismo en la que qued\u00f3 incluida durante el Gobierno de Donald Trump, dando marcha atr\u00e1s al intento de Barack Obama de sacarlo de dicha clasificaci\u00f3n como parte del restablecimiento de las relaciones diplom\u00e1ticas en 2015. Seg\u00fan los firmantes, entre los que est\u00e1n el exmandatario colombiano Ernesto Samper Pizano, la brasile\u00f1a Dilma Rousseff, la argentina Cristina Fern\u00e1ndez de Kirchner, el espa\u00f1ol Jos\u00e9 Luis Rodr\u00edguez Zapatero, el boliviano Evo Morales o el ecuatoriano Rafael Correa la inclusi\u00f3n de Cuba como pa\u00eds patrocinador del terrorismo no es solo \u201cuna medida coercitiva dif\u00edcilmente justificable en pleno siglo XXI\u201d, sino que ha contribuido a la crisis econ\u00f3mica sin par que atraviesa el pa\u00eds y la consecuente ola migratoria, que ya excede con creces la suma de los \u00e9xodos anteriores.<\/p>\n<p>En la carta, los firmantes aseguran que las razones para pedir que se saque definitivamente a Cuba de la lista \u201cest\u00e1n sustentadas en un contundente llamado humanitario que pretende aliviar la situaci\u00f3n de millones de personas inocentes\u201d. Tambi\u00e9n afirman que otro argumento es la \u201cprofunda convicci\u00f3n de que el gobierno de Cuba est\u00e1 seriamente comprometido contra el terrorismo y a favor de la paz en la regi\u00f3n y el mundo\u201d.<\/p>\n<p>La misiva insiste en que \u201cesta injusta decisi\u00f3n\u201d impacta a \u201csectores m\u00e1s vulnerables de la poblaci\u00f3n cubana golpeados en el \u00faltimo tiempo por los efectos nefastos de la pandemia, agudizados por la falta de medicamentos y equipos para atender la emergencia\u201d. Pone, adem\u00e1s, particular \u00e9nfasis en la crisis econ\u00f3mica que atraviesa el pa\u00eds, \u201cuna de las m\u00e1s castigadas del mundo\u201d, que hoy est\u00e1 \u201cen un punto de dif\u00edcil retorno\u201d. Los firmantes aseguran que la explicaci\u00f3n a una situaci\u00f3n que \u201ccomienza a ser dram\u00e1tica\u201d se debe, entre otros factores, a las \u201csanciones unilaterales aplicadas por los Estados Unidos\u201d, un embargo comercial que ha sido condenado por Naciones Unidas en varias ocasiones. Seg\u00fan los economistas, el Gobierno de Miguel D\u00edaz-Canel tiene, en cualquier caso, responsabilidades en la debacle econ\u00f3mica cubana.<\/p>\n<p>Los firmantes afirman que el hecho de que Estados Unidos y Cuba tengan \u201csistemas pol\u00edticos con inspiraciones ideol\u00f3gicas distintas\u201d no debe ser motivo para privar a la isla de una mutua cooperaci\u00f3n, y que aunque este a\u00f1o el Departamento de Estado retir\u00f3 a Cuba de la lista de Estados que no cooperan en la lucha contra el terrorismo, la mantiene parad\u00f3jicamente en la de pa\u00edses patrocinadores. Por tanto, se hacen la pregunta que anteriormente ya se ha puesto sobre la mesa: \u201c\u00bfC\u00f3mo se puede afirmar, al mismo tiempo, que un pa\u00eds s\u00ed coopera en la lucha mundial contra el terrorismo y a la vez acusarlo de apoyarlo abiertamente?\u201d<\/p>\n<p>&nbsp;<\/p>\n<p><strong>Cuba y la paradoja de su apoyo al terrorismo<\/strong><\/p>\n<p>En mayo de este a\u00f1o el Departamento de Estado retir\u00f3 a Cuba de la lista de pa\u00edses que no cooperan en la lucha contra el terrorismo, algo que no ha complacido a las autoridades cubanas, quienes han condenado en variadas ocasiones la inclusi\u00f3n de Cuba en otra lista, la de los pa\u00edses que s\u00ed apoyan el terrorismo, la llamada lista SSOT, en la que aparecen adem\u00e1s Corea del Norte, Ir\u00e1n y Siria. Seg\u00fan el propio Departamento de Estado, estos Gobiernos \u201capoyan el terrorismo internacional ya sea participando en actividades terroristas ellos mismos o proporcionando armas, entrenamiento, refugio, instalaciones diplom\u00e1ticas, respaldo financiero, apoyo log\u00edstico y\/o de otro tipo a los terroristas\u201d.<\/p>\n<p>La agencia federal tambi\u00e9n dice que, aunque no hay pruebas de que Cuba haya patrocinado \u201cninguna actividad terrorista internacional en 1997\u2033, el pa\u00eds \u201csigue brindando refugio a terroristas de varias organizaciones terroristas\u201d y mantiene fuertes v\u00ednculos con otros Estados patrocinadores del terrorismo.<\/p>\n<p>Fue en 1982, durante la Administraci\u00f3n de Ronald Reagan, cuando Cuba comenz\u00f3 a comparecer en la controvertida lista, en ese entonces por apoyar movimientos armados en Am\u00e9rica Latina y \u00c1frica. Otros motivos fueron luego las relaciones con pa\u00edses como Ir\u00e1n y Corea del Norte, o el hecho de que el pa\u00eds hab\u00eda asilado a miembros de ETA, o a fugitivos de la justicia estadounidense como Joanne Deborah Chesimard (la conocida Assata Shakur) o Charlie Hill.<\/p>\n<p>Luego de 33 a\u00f1os, en 2015 el exmandatario Barack Obama decidi\u00f3 sacar a Cuba de la lista de pa\u00edses patrocinadores del terrorismo, como parte del restablecimiento de relaciones diplom\u00e1ticas entre ambos pa\u00edses. En enero de 2021, con Trump al poder, la isla volvi\u00f3 a aparecer en el listado bajo los argumentos de que el Gobierno cubano mantiene v\u00ednculos con grupos como las Fuerzas Armadas Revolucionarias de Colombia (FARC) y el Ej\u00e9rcito de Liberaci\u00f3n Nacional (ELN), y que se neg\u00f3 a extraditar a diez l\u00edderes del ELN implicados en el atentado de 2019 a la escuela de cadetes de polic\u00eda de Bogot\u00e1.<\/p>\n<p>En la carta, que han firmado otros exmandatarios como el peruano Ollanta Mois\u00e9s Humala Tass, el guatemalteco Vinicio Cerezo, el hondure\u00f1o Manuel Zelaya, el serbio Tomislav Nikoli\u0107 o el malasio Mahathir Mohamad, sostienen que, sin embargo, el Gobierno cubano tuvo una participaci\u00f3n activa en la construcci\u00f3n de los Acuerdos de Paz firmados en La Habana en el a\u00f1o 2016 entre el Estado de Colombia y las FARC, y destacaron su papel en el di\u00e1logo por la paz entre el Estado colombiano y el ELN.<\/p>\n<p>Aunque algunos pensaron que con Biden -quien fue uno de los protagonistas en la normalizaci\u00f3n de relaciones diplom\u00e1ticas- se dar\u00eda marcha atr\u00e1s a las sanciones impuestas por Trump, lo cierto es que la pol\u00edtica del dem\u00f3crata hacia Cuba ha sido lenta, escasa y no estuvo en su agenda de prioridades. En el terreno pol\u00edtico donde Cuba es centro, una parte del ala republicana aboga por m\u00e1s sanciones que ahoguen al Gobierno de la Isla, pero es una realidad que el embargo afecta directamente y de manera real a los cubanos. La inclusi\u00f3n de Cuba en la lista de pa\u00edses que apoyan el terrorismo, por ejemplo, no solo impide transacciones internacionales, establece prohibiciones en las exportaciones y restricciones financieras, o imposibilita la asistencia al pa\u00eds con ayuda humanitaria, sino que afecta a ciudadanos cubanos con doble nacionalidad que quieran viajar a Estados Unidos con un permiso ESTA, interfiere en transacciones bancarias o restringe los intercambios acad\u00e9micos.<\/p>\n","protected":false},"excerpt":{"rendered":"<p>Los firmantes de una carta dirigida a Joe Biden califican la inclusi\u00f3n de \u201cmedida coercitiva\u201d que ha contribuido a la grave crisis econ\u00f3mica que atraviesa el pa\u00eds y la consecuente ola migratoria &nbsp; &nbsp; Decenas de expresidentes y ex primeros ministros de todo el mundo suscriben una carta en la que trasladan al presidente estadounidense, Joe Biden, a pocos meses de terminar su mandato, una solicitud hecha por otros en el pasado: retirar a Cuba de la lista de Estados patrocinadores del terrorismo en la que qued\u00f3 incluida durante el&#8230;<\/p>\n","protected":false},"author":3,"featured_media":120116,"comment_status":"closed","ping_status":"closed","sticky":false,"template":"","format":"standard","meta":[],"categories":[4],"tags":[],"_links":{"self":[{"href":"https:\/\/www.actualidadadiario.com\/index.php\/wp-json\/wp\/v2\/posts\/120115"}],"collection":[{"href":"https:\/\/www.actualidadadiario.com\/index.php\/wp-json\/wp\/v2\/posts"}],"about":[{"href":"https:\/\/www.actualidadadiario.com\/index.php\/wp-json\/wp\/v2\/types\/post"}],"author":[{"embeddable":true,"href":"https:\/\/www.actualidadadiario.com\/index.php\/wp-json\/wp\/v2\/users\/3"}],"replies":[{"embeddable":true,"href":"https:\/\/www.actualidadadiario.com\/index.php\/wp-json\/wp\/v2\/comments?post=120115"}],"version-history":[{"count":1,"href":"https:\/\/www.actualidadadiario.com\/index.php\/wp-json\/wp\/v2\/posts\/120115\/revisions"}],"predecessor-version":[{"id":120117,"href":"https:\/\/www.actualidadadiario.com\/index.php\/wp-json\/wp\/v2\/posts\/120115\/revisions\/120117"}],"wp:featuredmedia":[{"embeddable":true,"href":"https:\/\/www.actualidadadiario.com\/index.php\/wp-json\/wp\/v2\/media\/120116"}],"wp:attachment":[{"href":"https:\/\/www.actualidadadiario.com\/index.php\/wp-json\/wp\/v2\/media?parent=120115"}],"wp:term":[{"taxonomy":"category","embeddable":true,"href":"https:\/\/www.actualidadadiario.com\/index.php\/wp-json\/wp\/v2\/categories?post=120115"},{"taxonomy":"post_tag","embeddable":true,"href":"https:\/\/www.actualidadadiario.com\/index.php\/wp-json\/wp\/v2\/tags?post=120115"}],"curies":[{"name":"wp","href":"https:\/\/api.w.org\/{rel}","templated":true}]}}