{"id":120108,"date":"2024-09-13T15:14:06","date_gmt":"2024-09-13T18:14:06","guid":{"rendered":"https:\/\/www.actualidadadiario.com\/?p=120108"},"modified":"2024-09-13T15:14:06","modified_gmt":"2024-09-13T18:14:06","slug":"senadores-de-up-y-diputados-de-la-izquierda-confirmaron-que-no-asistiran-a-la-presentacion-de-milei","status":"publish","type":"post","link":"https:\/\/www.actualidadadiario.com\/index.php\/2024\/09\/13\/senadores-de-up-y-diputados-de-la-izquierda-confirmaron-que-no-asistiran-a-la-presentacion-de-milei\/","title":{"rendered":"Senadores de UP y diputados de la izquierda confirmaron que no asistir\u00e1n a la presentaci\u00f3n de Milei"},"content":{"rendered":"<p style=\"text-align: center;\"><em><strong>El formose\u00f1o Jos\u00e9 Mayans consider\u00f3 que el presidente \u201cva a hacer un show\u201d. Por su parte, los legisladores del FIT rechazaron ser \u201cactores de reparto de la mala serie de Milei\u201d<\/strong><\/em><\/p>\n<p>&nbsp;<\/p>\n<p>&nbsp;<\/p>\n<p>De cara a lo que ser\u00e1 la presentaci\u00f3n del Presupuesto 2025, por parte del mism\u00edsimo presidente Javier Milei en el recinto de la C\u00e1mara baja, confirmaron este viernes los senadores de Uni\u00f3n por la Patria y los diputados del Frente de Izquierda que no asistir\u00e1n.<\/p>\n<p>Por el bloque de la Uni\u00f3n C\u00edvica Radical en Diputados ir\u00e1 \u201cuna comitiva\u201d, mientras que por Encuentro Federal tambi\u00e9n participar\u00e1 un grupo, seg\u00fan confirm\u00f3 por la red social X el presidente de la bancada, Miguel Pichetto.<\/p>\n<p>Pese a que la presentaci\u00f3n del Presupuesto se inicia por la C\u00e1mara baja, el Gobierno extendi\u00f3 tambi\u00e9n la invitaci\u00f3n a los senadores nacionales.<\/p>\n<p>Desde la C\u00e1mara alta, el jefe de Uni\u00f3n por la Patria, Jos\u00e9 Mayans, confirm\u00f3 este viernes que su bloque no ir\u00e1. \u201cLo que corresponde cuando se hace la presentaci\u00f3n del Presupuesto es que venga el ministro de Econom\u00eda y el secretario de Hacienda. Milei va a hacer un show, hablando de d\u00e9ficit cero, tirando los n\u00fameros que tira y la fabulaci\u00f3n que tiene\u201c, expres\u00f3.<\/p>\n<p>En declaraciones, el formose\u00f1o confirm\u00f3: \u201cNosotros no vamos a ir, nuestro bloque no va a estar. No corresponde que vayamos\u201d. No obstante, aclar\u00f3 que \u201cobviamente\u201d escuchar\u00e1n el mensaje del presidente y lo analizar\u00e1n luego.<\/p>\n<p>\u201c\u00bfQu\u00e9 vamos a ir a hacer? \u00bfA hacerle de p\u00fablico y que encima nos insulte? No, de ninguna manera\u201d, agreg\u00f3 el senador.<\/p>\n<p>Por otro parte, los diputados del PTS \u2013 Frente de Izquierda Nicol\u00e1s del Ca\u00f1o, Christian Castillo y Alejandro Vilca anticiparon que tampoco ir\u00e1n. \u201cNo vamos a ir a un acto de este Gobierno ajustador y represor. Quieren que seamos actores de reparto de la mala serie de Milei, no vamos a ser parte de su circo\u201d.<\/p>\n<p>\u201cLa presentaci\u00f3n del Presupuesto siempre se realiza con la posibilidad de hacer preguntas, de participar y discutir, que es el supuesto rol que deber\u00eda cumplir el Congreso. El domingo no se podr\u00e1 preguntar, criticar ni intervenir de ninguna manera. Es una verdadera mordaza para todos los legisladores de un Gobierno y un presidente que adem\u00e1s amenaza con vetar toda ley que a \u00e9l no le gusta, como la ley jubilatoria. Gobierna por decreto, se quiere manejar a veto limpio, reprime salvajemente y quiere usar el Congreso para su show pat\u00e9tico. No cuenten con nosotros\u201d, sentenciaron los legisladores.<\/p>\n<p>Y sumaron que \u201ccomo siempre\u201d lo hicieron \u201ccuando se debata realmente en las comisiones iremos a dar la discusi\u00f3n y la pelea para demostrar que plata hay, pero la destinan a los grandes empresarios y al FMI\u201d.<\/p>\n","protected":false},"excerpt":{"rendered":"<p>El formose\u00f1o Jos\u00e9 Mayans consider\u00f3 que el presidente \u201cva a hacer un show\u201d. Por su parte, los legisladores del FIT rechazaron ser \u201cactores de reparto de la mala serie de Milei\u201d &nbsp; &nbsp; De cara a lo que ser\u00e1 la presentaci\u00f3n del Presupuesto 2025, por parte del mism\u00edsimo presidente Javier Milei en el recinto de la C\u00e1mara baja, confirmaron este viernes los senadores de Uni\u00f3n por la Patria y los diputados del Frente de Izquierda que no asistir\u00e1n. Por el bloque de la Uni\u00f3n C\u00edvica Radical en Diputados ir\u00e1 \u201cuna&#8230;<\/p>\n","protected":false},"author":3,"featured_media":120109,"comment_status":"closed","ping_status":"closed","sticky":false,"template":"","format":"standard","meta":[],"categories":[18],"tags":[],"_links":{"self":[{"href":"https:\/\/www.actualidadadiario.com\/index.php\/wp-json\/wp\/v2\/posts\/120108"}],"collection":[{"href":"https:\/\/www.actualidadadiario.com\/index.php\/wp-json\/wp\/v2\/posts"}],"about":[{"href":"https:\/\/www.actualidadadiario.com\/index.php\/wp-json\/wp\/v2\/types\/post"}],"author":[{"embeddable":true,"href":"https:\/\/www.actualidadadiario.com\/index.php\/wp-json\/wp\/v2\/users\/3"}],"replies":[{"embeddable":true,"href":"https:\/\/www.actualidadadiario.com\/index.php\/wp-json\/wp\/v2\/comments?post=120108"}],"version-history":[{"count":1,"href":"https:\/\/www.actualidadadiario.com\/index.php\/wp-json\/wp\/v2\/posts\/120108\/revisions"}],"predecessor-version":[{"id":120110,"href":"https:\/\/www.actualidadadiario.com\/index.php\/wp-json\/wp\/v2\/posts\/120108\/revisions\/120110"}],"wp:featuredmedia":[{"embeddable":true,"href":"https:\/\/www.actualidadadiario.com\/index.php\/wp-json\/wp\/v2\/media\/120109"}],"wp:attachment":[{"href":"https:\/\/www.actualidadadiario.com\/index.php\/wp-json\/wp\/v2\/media?parent=120108"}],"wp:term":[{"taxonomy":"category","embeddable":true,"href":"https:\/\/www.actualidadadiario.com\/index.php\/wp-json\/wp\/v2\/categories?post=120108"},{"taxonomy":"post_tag","embeddable":true,"href":"https:\/\/www.actualidadadiario.com\/index.php\/wp-json\/wp\/v2\/tags?post=120108"}],"curies":[{"name":"wp","href":"https:\/\/api.w.org\/{rel}","templated":true}]}}