{"id":120105,"date":"2024-09-13T15:13:03","date_gmt":"2024-09-13T18:13:03","guid":{"rendered":"https:\/\/www.actualidadadiario.com\/?p=120105"},"modified":"2024-09-13T15:13:03","modified_gmt":"2024-09-13T18:13:03","slug":"el-gobierno-respaldo-a-bullrich-y-responsabilizo-a-la-madre-de-la-menor-gaseada","status":"publish","type":"post","link":"https:\/\/www.actualidadadiario.com\/index.php\/2024\/09\/13\/el-gobierno-respaldo-a-bullrich-y-responsabilizo-a-la-madre-de-la-menor-gaseada\/","title":{"rendered":"El Gobierno respald\u00f3 a Bullrich y responsabiliz\u00f3 a la madre de la menor gaseada"},"content":{"rendered":"<p style=\"text-align: center;\"><em><strong>El vocero presidencial, Manuel Adorni, asegur\u00f3 que el operativo para aplacar la movilizaci\u00f3n en rechazo al veto de la ley de actuaci\u00f3n de jubilaciones fue exitoso y destac\u00f3 a la funcionaria<\/strong><\/em><\/p>\n<p>&nbsp;<\/p>\n<p>&nbsp;<\/p>\n<p>El Gobierno nacional respald\u00f3 a la ministra de Seguridad, Patricia Bullrich, y destac\u00f3 el operativo que coordin\u00f3 para aplacar la movilizaci\u00f3n en rechazo al veto de la ley de actuaci\u00f3n de jubilaciones.<\/p>\n<p>El vocero presidencial, Manuel Adorni, habl\u00f3 del episodio en el que un efectivo de seguridad arroj\u00f3 gases a una menor de 10 a\u00f1os y responsabiliz\u00f3 a su madre en la habitual conferencia de prensa. \u201cNos apena de sobremanera que una nenita de 9 o 10 a\u00f1os, la irresponsabilidad es de la madre\u201d, sostuvo al tiempo que cuestion\u00f3 el uso pol\u00edtico del acontecimiento al sostener que la menor est\u00e1 expuesta en los distintos canales de televisi\u00f3n.<\/p>\n<p>\u201cEl d\u00eda anterior llam\u00e9 a la responsabilidad de todos y habl\u00e9 sobre alg\u00fan posible acto o foco de violencia que se iba a suscitar en la marcha. El acto de irresponsabilidad fue total, pero eso no implica que el operativo no haya sido exitoso\u201d, remarc\u00f3.<\/p>\n<p>En la misma l\u00ednea, Adorni, insisti\u00f3 en que \u201cla ministra de Seguridad, en lo que ata\u00f1a la jurisdicci\u00f3n federal est\u00e1 haciendo un gran trabajo desde el comienzo de la gesti\u00f3n\u201d, lo que es \u201dvalorado&#8221; por el presidente Javier MIlei &#8220;independientemente de opiniones en otra l\u00ednea\u201d.<\/p>\n<p>Asimismo, el vocero cont\u00f3 que despu\u00e9s de cada operativo en el que intervienen las fuerzas federales, Bullrich expone el resultado y su visi\u00f3n de los hechos, y plante\u00f3 que el trabajo de la funcionaria \u201ces impecable\u201d.<\/p>\n<p>&#8220;La doctora Bullrich entiende que el operativo fue impecable, por supuesto, sin los lastimosos episodios&#8221;, aclar\u00f3 dos d\u00edas despu\u00e9s de los incidentes en las inmediaciones del Congreso mientras la C\u00e1mara de Diputados respaldaba el veto presidencial.<\/p>\n<p>En otro pasaje de la conferencia, Adorni evit\u00f3 precisar detalles del futuro del Jefe de Polic\u00eda, Luis Rolle, y de la secretaria de Seguridad, Alejandra Monteoliva, quien a descart\u00f3 que la Polic\u00eda le haya arrojado alg\u00fan qu\u00edmico a una menor que se encontraba afuera del recinto, lo que fue r\u00e1pidamente desmentido por un video que se viraliz\u00f3 en redes sociales.<\/p>\n<p>\u201cEl gobierno va a apelar a que los ni\u00f1os no deban estar en esos lugares y que no se los utilice, est\u00e1 viendo en alg\u00fan programa que estaban haciendo declarar. A los ni\u00f1os hay que dejarlos afuera\u201d, prometi\u00f3 el vocero.<\/p>\n<p>A pesar de haber sido foco de pol\u00e9micas por el accionar policial, la titular de Seguridad, Patricia Bullrich, ingres\u00f3 hoy a Casa Rosada con gesto adusto y particip\u00f3 de la reuni\u00f3n de Gabinete.<\/p>\n<p>\u201cApoyo total a la ministra\u201d, asegur\u00f3 un funcionario a la agencia Noticias Argentinas respecto al desempe\u00f1o de la extitular del PRO que, poco a poco, se gan\u00f3 un lugar en la mesa de c\u00edrculo \u00edntimo del Presidente. Incluso participa de las reuniones de Gabinete reducidas de los martes.<\/p>\n<p>Los episodios de los \u00faltimos d\u00edas parecen no haber modificado la consideraci\u00f3n que el jefe de Estado tiene de la extitular del PRO. Incluso, el libertario le solicit\u00f3 que se sume a la delegaci\u00f3n y lo acompa\u00f1e en la visita al predio de La Rural que tiene prevista para esta tarde.<\/p>\n","protected":false},"excerpt":{"rendered":"<p>El vocero presidencial, Manuel Adorni, asegur\u00f3 que el operativo para aplacar la movilizaci\u00f3n en rechazo al veto de la ley de actuaci\u00f3n de jubilaciones fue exitoso y destac\u00f3 a la funcionaria &nbsp; &nbsp; El Gobierno nacional respald\u00f3 a la ministra de Seguridad, Patricia Bullrich, y destac\u00f3 el operativo que coordin\u00f3 para aplacar la movilizaci\u00f3n en rechazo al veto de la ley de actuaci\u00f3n de jubilaciones. El vocero presidencial, Manuel Adorni, habl\u00f3 del episodio en el que un efectivo de seguridad arroj\u00f3 gases a una menor de 10 a\u00f1os y responsabiliz\u00f3&#8230;<\/p>\n","protected":false},"author":3,"featured_media":120106,"comment_status":"closed","ping_status":"closed","sticky":false,"template":"","format":"standard","meta":[],"categories":[18],"tags":[],"_links":{"self":[{"href":"https:\/\/www.actualidadadiario.com\/index.php\/wp-json\/wp\/v2\/posts\/120105"}],"collection":[{"href":"https:\/\/www.actualidadadiario.com\/index.php\/wp-json\/wp\/v2\/posts"}],"about":[{"href":"https:\/\/www.actualidadadiario.com\/index.php\/wp-json\/wp\/v2\/types\/post"}],"author":[{"embeddable":true,"href":"https:\/\/www.actualidadadiario.com\/index.php\/wp-json\/wp\/v2\/users\/3"}],"replies":[{"embeddable":true,"href":"https:\/\/www.actualidadadiario.com\/index.php\/wp-json\/wp\/v2\/comments?post=120105"}],"version-history":[{"count":1,"href":"https:\/\/www.actualidadadiario.com\/index.php\/wp-json\/wp\/v2\/posts\/120105\/revisions"}],"predecessor-version":[{"id":120107,"href":"https:\/\/www.actualidadadiario.com\/index.php\/wp-json\/wp\/v2\/posts\/120105\/revisions\/120107"}],"wp:featuredmedia":[{"embeddable":true,"href":"https:\/\/www.actualidadadiario.com\/index.php\/wp-json\/wp\/v2\/media\/120106"}],"wp:attachment":[{"href":"https:\/\/www.actualidadadiario.com\/index.php\/wp-json\/wp\/v2\/media?parent=120105"}],"wp:term":[{"taxonomy":"category","embeddable":true,"href":"https:\/\/www.actualidadadiario.com\/index.php\/wp-json\/wp\/v2\/categories?post=120105"},{"taxonomy":"post_tag","embeddable":true,"href":"https:\/\/www.actualidadadiario.com\/index.php\/wp-json\/wp\/v2\/tags?post=120105"}],"curies":[{"name":"wp","href":"https:\/\/api.w.org\/{rel}","templated":true}]}}