{"id":120102,"date":"2024-09-13T15:11:57","date_gmt":"2024-09-13T18:11:57","guid":{"rendered":"https:\/\/www.actualidadadiario.com\/?p=120102"},"modified":"2024-09-13T15:11:57","modified_gmt":"2024-09-13T18:11:57","slug":"jubilados-el-gobierno-congelara-el-monto-del-bono-de-70-000-para-octubre-2024","status":"publish","type":"post","link":"https:\/\/www.actualidadadiario.com\/index.php\/2024\/09\/13\/jubilados-el-gobierno-congelara-el-monto-del-bono-de-70-000-para-octubre-2024\/","title":{"rendered":"Jubilados: el Gobierno congelar\u00e1 el monto del bono de $70.000 para octubre 2024"},"content":{"rendered":"<p style=\"text-align: center;\"><em><strong>Con el congelamiento del bono, los jubilados de la m\u00ednima y subm\u00ednima recibir\u00e1n de ajuste entre el 3% y el 3,2%. Los argumentos del Gobierno<\/strong><\/em><\/p>\n<p>&nbsp;<\/p>\n<p>&nbsp;<\/p>\n<p>El Gobierno de Javier Milei anunci\u00f3 que no actualizar\u00e1 el monto del bono de $70.000 para los jubilados tras la aprobaci\u00f3n del veto presidencial a la reforma jubilatoria.<\/p>\n<p>&#8220;Todo aumento a los jubilados, al bono en este caso, va a estar atado al super\u00e1vit fiscal y hoy no est\u00e1n dadas las condiciones para que eso ocurra&#8221;, dijo el vocero presidencial Manuel Adorni en conferencia de prensa. de esta forma, los jubilados de la m\u00ednima con el aumento de 4,17% previsto en la movilidad jubilatoria, cobrar\u00e1n en octubre $ 244.324 y con bono se ir\u00e1 a $ 314.324.<\/p>\n<p>Con el congelamiento del bono, los jubilados de la m\u00ednima y subm\u00ednima recibir\u00e1n de ajuste entre el 3% y el 3,2%.<\/p>\n<p>El funcionario de la Libertad Avanza habl\u00f3 tras conocerse la aprobaci\u00f3n de la C\u00e1mara de Diputados al veto del presidente Javier Milei a la reforma jubilatoria que ten\u00eda previsto un aumento previsional del 8%.<\/p>\n<p>&nbsp;<\/p>\n<p><strong>Jubilaci\u00f3n: cu\u00e1nto cobrar\u00e1n tras confirmarse el bono de $70.000<\/strong><\/p>\n<p>De esta manera, por el momento, la f\u00f3rmula para actualizar las jubilaciones se mantendr\u00e1 como hasta el momento. Por ejemplo, los haberes de septiembre tuvieron un aumento del 4,03%, en l\u00ednea con la inflaci\u00f3n de julio, que fue del 4%. La m\u00ednima qued\u00f3 en $234.540, a lo que se sum\u00f3 el bono de $70.000, lo que llev\u00f3 la jubilaci\u00f3n m\u00e1s baja a los $305.540.<\/p>\n<p>De cara a lo que pueda ocurrir con las jubilaciones que se cobrar\u00e1n en octubre, se presume que el Gobierno continuar\u00e1 con la misma f\u00f3rmula: es decir, se actualizar\u00e1 en base a la inflaci\u00f3n de agosto que se conoci\u00f3 este mi\u00e9rcoles (4,2%). De esta manera, la jubilaci\u00f3n m\u00ednima pasar\u00e1 a ubicarse en torno a los $243.900. Con el bono fijo en $70.000, podr\u00eda llevarla a $314.324.<\/p>\n<p>De todas formas, de acuerdo a los datos de la Defensor\u00eda de la Tercera Edad, pese al bono y la actualizaci\u00f3n de agosto, la canasta b\u00e1sica de un jubilado ronda los $800.000 mensuales, quedando muy por debajo de los gastos b\u00e1sicos de los adultos mayores.<\/p>\n<p>El Decreto 782\/2024, con el que el mandatario vet\u00f3 la iniciativa aprobada por el Congreso, argumenta que la implementaci\u00f3n de dicha f\u00f3rmula es &#8220;manifiestamente violatoria del marco jur\u00eddico vigente en tanto no contempla el impacto fiscal de la medida ni tampoco determina la fuente de su financiamiento&#8221;, dado que &#8220;padece graves deficiencias t\u00e9cnicas y operativas que ponen de relieve su manifiesta irracionalidad y las serias dificultades que presentar\u00eda su implementaci\u00f3n&#8221;.<\/p>\n<p>Previo a firmar el veto, Milei precis\u00f3 que la aprobaci\u00f3n de este proyecto significar\u00eda un &#8220;incremento de la deuda de u$s370.000 millones, a perpetuidad&#8221;, lo que pondr\u00eda en riesgo el super\u00e1vit financiero. Por lo expresado, el presidente llam\u00f3 a los diputados y senadores a actuar de manera responsable y &#8220;conforme a los fines p\u00fablicos y principios de buena administraci\u00f3n que debe perseguir toda acci\u00f3n de gobierno, procurando alcanzar el bien com\u00fan que debe guiar toda pol\u00edtica de gobierno&#8221;.<\/p>\n","protected":false},"excerpt":{"rendered":"<p>Con el congelamiento del bono, los jubilados de la m\u00ednima y subm\u00ednima recibir\u00e1n de ajuste entre el 3% y el 3,2%. Los argumentos del Gobierno &nbsp; &nbsp; El Gobierno de Javier Milei anunci\u00f3 que no actualizar\u00e1 el monto del bono de $70.000 para los jubilados tras la aprobaci\u00f3n del veto presidencial a la reforma jubilatoria. &#8220;Todo aumento a los jubilados, al bono en este caso, va a estar atado al super\u00e1vit fiscal y hoy no est\u00e1n dadas las condiciones para que eso ocurra&#8221;, dijo el vocero presidencial Manuel Adorni en&#8230;<\/p>\n","protected":false},"author":3,"featured_media":120103,"comment_status":"closed","ping_status":"closed","sticky":false,"template":"","format":"standard","meta":[],"categories":[18],"tags":[],"_links":{"self":[{"href":"https:\/\/www.actualidadadiario.com\/index.php\/wp-json\/wp\/v2\/posts\/120102"}],"collection":[{"href":"https:\/\/www.actualidadadiario.com\/index.php\/wp-json\/wp\/v2\/posts"}],"about":[{"href":"https:\/\/www.actualidadadiario.com\/index.php\/wp-json\/wp\/v2\/types\/post"}],"author":[{"embeddable":true,"href":"https:\/\/www.actualidadadiario.com\/index.php\/wp-json\/wp\/v2\/users\/3"}],"replies":[{"embeddable":true,"href":"https:\/\/www.actualidadadiario.com\/index.php\/wp-json\/wp\/v2\/comments?post=120102"}],"version-history":[{"count":1,"href":"https:\/\/www.actualidadadiario.com\/index.php\/wp-json\/wp\/v2\/posts\/120102\/revisions"}],"predecessor-version":[{"id":120104,"href":"https:\/\/www.actualidadadiario.com\/index.php\/wp-json\/wp\/v2\/posts\/120102\/revisions\/120104"}],"wp:featuredmedia":[{"embeddable":true,"href":"https:\/\/www.actualidadadiario.com\/index.php\/wp-json\/wp\/v2\/media\/120103"}],"wp:attachment":[{"href":"https:\/\/www.actualidadadiario.com\/index.php\/wp-json\/wp\/v2\/media?parent=120102"}],"wp:term":[{"taxonomy":"category","embeddable":true,"href":"https:\/\/www.actualidadadiario.com\/index.php\/wp-json\/wp\/v2\/categories?post=120102"},{"taxonomy":"post_tag","embeddable":true,"href":"https:\/\/www.actualidadadiario.com\/index.php\/wp-json\/wp\/v2\/tags?post=120102"}],"curies":[{"name":"wp","href":"https:\/\/api.w.org\/{rel}","templated":true}]}}