{"id":12010,"date":"2017-05-23T09:59:00","date_gmt":"2017-05-23T12:59:00","guid":{"rendered":"http:\/\/actualidadadiario.com\/site\/?p=12010"},"modified":"2017-05-23T09:59:00","modified_gmt":"2017-05-23T12:59:00","slug":"nacio-el-primer-bebe-geneticamente-perfecto","status":"publish","type":"post","link":"https:\/\/www.actualidadadiario.com\/index.php\/2017\/05\/23\/nacio-el-primer-bebe-geneticamente-perfecto\/","title":{"rendered":"Naci\u00f3 el primer beb\u00e9 gen\u00e9ticamente &#8220;perfecto&#8221;"},"content":{"rendered":"<p><em><strong>Sucedi\u00f3 este fin de semana con el m\u00e9todo de diagn\u00f3stico gen\u00e9tico de preimplantaci\u00f3n (PGS). Naci\u00f3 por ces\u00e1rea, pesa 3,4 kilos y tanto la mam\u00e1 como el ni\u00f1o est\u00e1n en \u00f3ptimas condiciones<\/strong><\/em><\/p>\n<p>&nbsp;<\/p>\n<p>&nbsp;<\/p>\n<p>&nbsp;<\/p>\n<p>&nbsp;<\/p>\n<p>Un beb\u00e9 gen\u00e9ticamente &#8220;perfecto&#8221; naci\u00f3 este fin de semana en la ciudad de C\u00f3rdoba con el m\u00e9todo de diagn\u00f3stico gen\u00e9tico de preimplantaci\u00f3n (PGS). Pesa 3,4 kilos y est\u00e1 en \u00f3ptimas condiciones al igual que su mam\u00e1, que lo tuvo por ces\u00e1rea, informaron fuentes m\u00e9dicas a medios locales.<\/p>\n<p>&nbsp;<\/p>\n<p>El tratamiento consiste en un an\u00e1lisis gen\u00e9tico embrionario para la detecci\u00f3n de anomal\u00edas en el n\u00famero de cromosomas y se realiz\u00f3 en la Fundaci\u00f3n Fecundart, de la capital cordobesa.<\/p>\n<p>&nbsp;<\/p>\n<p>&#8220;De esta manera aumenta el porcentaje de \u00e9xito por transferencia y tambi\u00e9n la probabilidad de tener un beb\u00e9 &#8216;sano&#8217; (denominado como &#8220;beb\u00e9 perfecto&#8221;) mediante la selecci\u00f3n de embriones con la cantidad normal de cromosomas&#8221;, explic\u00f3 Jos\u00e9 P\u00e9rez Alzaa, director m\u00e9dico de la instituci\u00f3n.<\/p>\n<p>&nbsp;<\/p>\n<p>El especialista aclar\u00f3 a la emisora radial Cadena 3 que &#8220;no es el beb\u00e9 perfecto&#8221;, sino que se trata de &#8220;un ni\u00f1o al que se le hizo un estudio para evaluar su composici\u00f3n cromos\u00f3mica que se implant\u00f3 muy bien y naci\u00f3, gracias a Dios, muy bien&#8221;, ya que cuando se supo la noticia hubo pol\u00e9mica al respecto.<\/p>\n<p>&nbsp;<\/p>\n<p>El PGS identifica los embriones sanos cromos\u00f3micamente para la transferencia y descarta los que no lo son, se utiliza en diagn\u00f3sticos de anomal\u00edas cromos\u00f3micas como puede ser el s\u00edndrome de Down, y permite determinar si ese embri\u00f3n tiene un n\u00famero &#8220;normal&#8221; de cromosomas.<\/p>\n<p>&nbsp;<\/p>\n<p>El tratamiento cuesta 2.500 d\u00f3lares y puede ser cubierto por la obra social cuando &#8220;la pareja es portadora de alg\u00fan problema cromos\u00f3mico&#8221;, pero no en los casos en que &#8220;es selectivo y la pareja no tiene problemas&#8221;, sostuvo el especialista.<\/p>\n","protected":false},"excerpt":{"rendered":"<p>Sucedi\u00f3 este fin de semana con el m\u00e9todo de diagn\u00f3stico gen\u00e9tico de preimplantaci\u00f3n (PGS). Naci\u00f3 por ces\u00e1rea, pesa 3,4 kilos y tanto la mam\u00e1 como el ni\u00f1o est\u00e1n en \u00f3ptimas condiciones &nbsp; &nbsp; &nbsp; &nbsp; Un beb\u00e9 gen\u00e9ticamente &#8220;perfecto&#8221; naci\u00f3 este fin de semana en la ciudad de C\u00f3rdoba con el m\u00e9todo de diagn\u00f3stico gen\u00e9tico de preimplantaci\u00f3n (PGS). Pesa 3,4 kilos y est\u00e1 en \u00f3ptimas condiciones al igual que su mam\u00e1, que lo tuvo por ces\u00e1rea, informaron fuentes m\u00e9dicas a medios locales. &nbsp; El tratamiento consiste en un an\u00e1lisis gen\u00e9tico&#8230;<\/p>\n","protected":false},"author":3,"featured_media":12011,"comment_status":"closed","ping_status":"closed","sticky":false,"template":"","format":"standard","meta":[],"categories":[4],"tags":[],"_links":{"self":[{"href":"https:\/\/www.actualidadadiario.com\/index.php\/wp-json\/wp\/v2\/posts\/12010"}],"collection":[{"href":"https:\/\/www.actualidadadiario.com\/index.php\/wp-json\/wp\/v2\/posts"}],"about":[{"href":"https:\/\/www.actualidadadiario.com\/index.php\/wp-json\/wp\/v2\/types\/post"}],"author":[{"embeddable":true,"href":"https:\/\/www.actualidadadiario.com\/index.php\/wp-json\/wp\/v2\/users\/3"}],"replies":[{"embeddable":true,"href":"https:\/\/www.actualidadadiario.com\/index.php\/wp-json\/wp\/v2\/comments?post=12010"}],"version-history":[{"count":1,"href":"https:\/\/www.actualidadadiario.com\/index.php\/wp-json\/wp\/v2\/posts\/12010\/revisions"}],"predecessor-version":[{"id":12012,"href":"https:\/\/www.actualidadadiario.com\/index.php\/wp-json\/wp\/v2\/posts\/12010\/revisions\/12012"}],"wp:featuredmedia":[{"embeddable":true,"href":"https:\/\/www.actualidadadiario.com\/index.php\/wp-json\/wp\/v2\/media\/12011"}],"wp:attachment":[{"href":"https:\/\/www.actualidadadiario.com\/index.php\/wp-json\/wp\/v2\/media?parent=12010"}],"wp:term":[{"taxonomy":"category","embeddable":true,"href":"https:\/\/www.actualidadadiario.com\/index.php\/wp-json\/wp\/v2\/categories?post=12010"},{"taxonomy":"post_tag","embeddable":true,"href":"https:\/\/www.actualidadadiario.com\/index.php\/wp-json\/wp\/v2\/tags?post=12010"}],"curies":[{"name":"wp","href":"https:\/\/api.w.org\/{rel}","templated":true}]}}