{"id":120097,"date":"2024-09-13T15:10:13","date_gmt":"2024-09-13T18:10:13","guid":{"rendered":"https:\/\/www.actualidadadiario.com\/?p=120097"},"modified":"2024-09-13T15:10:13","modified_gmt":"2024-09-13T18:10:13","slug":"milei-agasajara-con-un-asado-a-los-87-heroes-que-blindaron-el-veto-de-la-reforma-jubilatoria","status":"publish","type":"post","link":"https:\/\/www.actualidadadiario.com\/index.php\/2024\/09\/13\/milei-agasajara-con-un-asado-a-los-87-heroes-que-blindaron-el-veto-de-la-reforma-jubilatoria\/","title":{"rendered":"Milei agasajar\u00e1 con un asado a los &#8220;87 h\u00e9roes&#8221; que blindaron el veto de la reforma jubilatoria"},"content":{"rendered":"<p style=\"text-align: center;\"><em><strong>El encuentro est\u00e1 programado para el martes en la quinta presidencial. El Presidente quiere expresar su agradecimiento a los diputados<\/strong><\/em><\/p>\n<p>&nbsp;<\/p>\n<p>&nbsp;<\/p>\n<p>El presidente Javier Milei agasajar\u00e1 con un asado a los &#8220;87 h\u00e9roes&#8221; que impidieron la sanci\u00f3n de la ley jubilatoria en la C\u00e1mara de Diputados. Seg\u00fan fuentes parlamentarias, la cita ser\u00e1 el martes por la noche en la Quinta de Olivos.<\/p>\n<p>El mandatario est\u00e1 muy contento con el apoyo recibido por parte del PRO y un sector del radicalismo para mantener el veto a la reforma previsional. As\u00ed lo hizo saber luego de la votaci\u00f3n en sus redes sociales: \u201cHoy (por el mi\u00e9rcoles) 87 h\u00e9roes le pusieron un freno a los degenerados fiscales que intentaron destruir el super\u00e1vit fiscal que los argentinos con tanto esfuerzo logramos conseguir\u201d.<\/p>\n<p>Horas despu\u00e9s, la Presidencia de la Naci\u00f3n emiti\u00f3 un comunicado oficial reforzando las palabras de Milei y destacando la labor de los diputados que se opusieron al proyecto. \u201cLa Oficina del Presidente destaca la labor patri\u00f3tica de los 87 diputados nacionales que impidieron a un grupo de irresponsables adoptar medidas populistas que habr\u00edan quebrado las arcas p\u00fablicas\u201d, se\u00f1ala el comunicado. Este respaldo subraya la importancia que el gobierno otorga al super\u00e1vit fiscal como eje de su gesti\u00f3n econ\u00f3mica.<\/p>\n<p>Dispuesto a evitar nuevas derrotas en el \u00e1mbito legislativo, el propio Javier Milei se puso al frente de la negociaci\u00f3n pol\u00edtica. En ese sentido, esta semana encabez\u00f3 una reuni\u00f3n con los radicales Ricardo Campero, Luis Albino Picat, Michel Tournier, Pablo Cervi y Mart\u00edn Arjol.<\/p>\n<p>En la misma l\u00ednea, el lunes de esta semana los jefes de bloques de Diputados de La Libertad Avanza, del MID, y el PRO mantuvieron una reuni\u00f3n en Casa Rosada con la Secretaria de Presidencia, Karina Milei.<\/p>\n<p>El Gobierno consigui\u00f3 avalar el veto presidencial con 153 votos afirmativos, 87 negativos y 8 abstenciones. Para alcanzar este n\u00famero fue vital el apoyo de la bancada del PRO y de un grupo de diputados de la UCR. Cabe recordar que, en relaci\u00f3n a la votaci\u00f3n del 5 de junio pasado, el dictamen del radicalismo logr\u00f3 160 votos, 72 negativos y 8 abstenciones.<\/p>\n<p>En s\u00edntesis, y con respecto a la sesi\u00f3n pasada, 8 diputados radicales cambiaron su voto (de 7 afirmativos y 1 ausente pas\u00f3 a 5 negativos, 2 ausentes y 1 afirmativo). Desde Uni\u00f3n por la Patria aportaron primero 97 y ahora 98. El Pro modific\u00f3 sus ausentes por negativos, mientras que 1 vot\u00f3 afirmativo. Innovaci\u00f3n Federal cambi\u00f3 por completo el voto de sus 8 integrantes. Desde la Izquierda modificaron sus abstenciones por afirmativos. En cuanto al oficialismo, perdi\u00f3 el voto de Lourdes Arrieta, que fue abstenci\u00f3n.<\/p>\n<p>&nbsp;<\/p>\n<p><strong>El Gobierno conden\u00f3 la quita de fondos reservados a la SIDE y lanz\u00f3: &#8220;Los responsables del desfinanciamiento deber\u00e1n hacerse cargo&#8221;<\/strong><\/p>\n<p>En contraposici\u00f3n con los &#8220;87 h\u00e9roes&#8221;, el Gobierno apunt\u00f3 este viernes contra los senadores que votaron a favor de la quita de fondos reservados a la SIDE y del financiamiento universitario.<\/p>\n<p>&#8220;La Oficina del Presidente condena el voto irresponsable de un grupo de legisladores que dejaron al Sistema de Inteligencia argentino sin recursos en un momento hist\u00f3rico del pa\u00eds&#8221;, dijo la cuenta presidencial a trav\u00e9s de la plataforma X (ex Twitter).<\/p>\n<p>Y agreg\u00f3: &#8220;El rol de la agencia de inteligencia durante d\u00e9cadas estuvo basado en intereses personales, y fue utilizada para actividades espurias como el espionaje interno, el tr\u00e1fico de influencias y la persecuci\u00f3n pol\u00edtica&#8221;.<\/p>\n<p>&#8220;Nuevamente, los intereses personales atentaron contra la posibilidad de tener un organismo de inteligencia que tenga la capacidad y los recursos para cuidar a los argentinos. Se vio con las recientes amenazas de agentes externos contra nuestros ciudadanos, pero tambi\u00e9n con actores malintencionados dentro del territorio nacional&#8221;, concluye el documento.<\/p>\n<p>El DNU de la SIDE fue dictado el pasado 23 de julio, luego de que la c\u00fapula del Ejecutivo decidiera la disoluci\u00f3n de la AFI y restaurara la vieja SIDE. El decreto le dio $100.000 millones de fondos reservados a la flamante secretar\u00eda que qued\u00f3 en manos de Sergio Neiffert, a quien lo vinculan con Santiago Caputo, asesor principal de Milei.<\/p>\n<p>El segundo golpe vino por el lado de las universidades. La ley no solo incrementa el presupuesto, sino que incluye una recomposici\u00f3n para los docentes y no docentes. Esto generar\u00e1 un impacto fiscal de 735.598 millones de pesos, lo que implica el 0,14 por ciento del PBI, seg\u00fan inform\u00f3 la Oficina de Presupuesto del Congreso (OPC).<\/p>\n","protected":false},"excerpt":{"rendered":"<p>El encuentro est\u00e1 programado para el martes en la quinta presidencial. El Presidente quiere expresar su agradecimiento a los diputados &nbsp; &nbsp; El presidente Javier Milei agasajar\u00e1 con un asado a los &#8220;87 h\u00e9roes&#8221; que impidieron la sanci\u00f3n de la ley jubilatoria en la C\u00e1mara de Diputados. Seg\u00fan fuentes parlamentarias, la cita ser\u00e1 el martes por la noche en la Quinta de Olivos. El mandatario est\u00e1 muy contento con el apoyo recibido por parte del PRO y un sector del radicalismo para mantener el veto a la reforma previsional. As\u00ed&#8230;<\/p>\n","protected":false},"author":3,"featured_media":120098,"comment_status":"closed","ping_status":"closed","sticky":false,"template":"","format":"standard","meta":[],"categories":[18],"tags":[],"_links":{"self":[{"href":"https:\/\/www.actualidadadiario.com\/index.php\/wp-json\/wp\/v2\/posts\/120097"}],"collection":[{"href":"https:\/\/www.actualidadadiario.com\/index.php\/wp-json\/wp\/v2\/posts"}],"about":[{"href":"https:\/\/www.actualidadadiario.com\/index.php\/wp-json\/wp\/v2\/types\/post"}],"author":[{"embeddable":true,"href":"https:\/\/www.actualidadadiario.com\/index.php\/wp-json\/wp\/v2\/users\/3"}],"replies":[{"embeddable":true,"href":"https:\/\/www.actualidadadiario.com\/index.php\/wp-json\/wp\/v2\/comments?post=120097"}],"version-history":[{"count":1,"href":"https:\/\/www.actualidadadiario.com\/index.php\/wp-json\/wp\/v2\/posts\/120097\/revisions"}],"predecessor-version":[{"id":120099,"href":"https:\/\/www.actualidadadiario.com\/index.php\/wp-json\/wp\/v2\/posts\/120097\/revisions\/120099"}],"wp:featuredmedia":[{"embeddable":true,"href":"https:\/\/www.actualidadadiario.com\/index.php\/wp-json\/wp\/v2\/media\/120098"}],"wp:attachment":[{"href":"https:\/\/www.actualidadadiario.com\/index.php\/wp-json\/wp\/v2\/media?parent=120097"}],"wp:term":[{"taxonomy":"category","embeddable":true,"href":"https:\/\/www.actualidadadiario.com\/index.php\/wp-json\/wp\/v2\/categories?post=120097"},{"taxonomy":"post_tag","embeddable":true,"href":"https:\/\/www.actualidadadiario.com\/index.php\/wp-json\/wp\/v2\/tags?post=120097"}],"curies":[{"name":"wp","href":"https:\/\/api.w.org\/{rel}","templated":true}]}}