{"id":120085,"date":"2024-09-13T11:58:50","date_gmt":"2024-09-13T14:58:50","guid":{"rendered":"https:\/\/www.actualidadadiario.com\/?p=120085"},"modified":"2024-09-13T11:58:50","modified_gmt":"2024-09-13T14:58:50","slug":"inflacion-tras-el-repunte-de-agosto-el-mercado-anticipa-el-dato-de-septiembre","status":"publish","type":"post","link":"https:\/\/www.actualidadadiario.com\/index.php\/2024\/09\/13\/inflacion-tras-el-repunte-de-agosto-el-mercado-anticipa-el-dato-de-septiembre\/","title":{"rendered":"Inflaci\u00f3n: tras el repunte de agosto, el mercado anticipa el dato de septiembre"},"content":{"rendered":"<p style=\"text-align: center;\"><em><strong>Aunque las proyecciones de distintas consultoras y economistas indican una probable desaceleraci\u00f3n de la inflaci\u00f3n en septiembre, persisten dudas sobre la sostenibilidad de esta tendencia<\/strong><\/em><\/p>\n<p>&nbsp;<\/p>\n<p>&nbsp;<\/p>\n<p>Con el dato de inflaci\u00f3n de agosto en mano (4,2%), el mercado ya proyecta el de septiembre. Sucede que el octavo mes del a\u00f1o sorprendi\u00f3 al mercado y no cay\u00f3 bien en el Gobierno. Este mes parece haber condiciones favorables para una significativa baja en la inflaci\u00f3n, que incluso podr\u00eda llevar el \u00edndice a menos del 3,5%, lo que ser\u00eda el nivel m\u00e1s bajo de la gesti\u00f3n de Javier Milei.<\/p>\n<p>En su \u00faltimo informe, tras la publicaci\u00f3n del \u00cdndice de Precios al Consumidor (IPC) Nacional por el INDEC, JP Morgan se\u00f1al\u00f3 que la reducci\u00f3n del Impuesto PAIS, de 17,5% a 7,5%, contribuir\u00eda a una baja puntual de la inflaci\u00f3n entre 0,6% y 0,7%. Esta previsi\u00f3n est\u00e1 alineada con las estimaciones de economistas locales como Fernando Marull, quienes tambi\u00e9n anticipan una desaceleraci\u00f3n.<\/p>\n<p>Con base en estas expectativas, JP Morgan calcula que la inflaci\u00f3n de septiembre podr\u00eda rondar el 3,4%. De igual manera, la consultora EcoGo, liderada por Marina Dal Poggetto, proyecta un \u00edndice similar, argumentando que la desaceleraci\u00f3n de los precios de alimentos, la reducci\u00f3n del Impuesto PAIS, la estabilidad cambiaria y un entorno econ\u00f3mico recesivo contribuir\u00e1n a esta baja. En agosto, la misma consultora hab\u00eda anticipado una inflaci\u00f3n superior al 4%, acertando casi al dato final.<\/p>\n<p>&nbsp;<\/p>\n<p><strong>Otras proyecciones<\/strong><\/p>\n<p>Por su parte, Econviews, dirigida por Miguel Kiguel, tambi\u00e9n prev\u00e9 una relativa calma en los precios para septiembre, reforzada por el efecto de la reducci\u00f3n del Impuesto PAIS sobre bienes transables. Sin embargo, advierten que los datos inflacionarios de los pr\u00f3ximos meses podr\u00edan ser m\u00e1s elevados, potencialmente afectados por la eliminaci\u00f3n del control cambiario.<\/p>\n<p>En agosto, dos factores despertaron preocupaci\u00f3n: el aumento del \u00edndice general y la inflaci\u00f3n n\u00facleo, que alcanz\u00f3 el 4,1%. A pesar de ello, surgieron c\u00e1lculos alternativos que aportan cierto alivio. Aunque todo apunta a una considerable baja en septiembre, persiste la incertidumbre sobre la sostenibilidad de esta tendencia, dado que la reducci\u00f3n impositiva tiene un impacto \u00fanico.<\/p>\n<p>La consultora Equilibra tambi\u00e9n prev\u00e9 una ca\u00edda importante en la inflaci\u00f3n de septiembre, estimando un nivel cercano al 3,2%. Esta previsi\u00f3n se basa en los datos iniciales del mes, que mostraron una reducci\u00f3n de precios en productos como autom\u00f3viles, televisores, c\u00e1maras y celulares, resultado directo de la disminuci\u00f3n del impuesto a las importaciones. Sin embargo, esta proyecci\u00f3n fue realizada antes de conocer el dato de inflaci\u00f3n de agosto, que super\u00f3 las expectativas de la mayor\u00eda del mercado.<\/p>\n","protected":false},"excerpt":{"rendered":"<p>Aunque las proyecciones de distintas consultoras y economistas indican una probable desaceleraci\u00f3n de la inflaci\u00f3n en septiembre, persisten dudas sobre la sostenibilidad de esta tendencia &nbsp; &nbsp; Con el dato de inflaci\u00f3n de agosto en mano (4,2%), el mercado ya proyecta el de septiembre. Sucede que el octavo mes del a\u00f1o sorprendi\u00f3 al mercado y no cay\u00f3 bien en el Gobierno. Este mes parece haber condiciones favorables para una significativa baja en la inflaci\u00f3n, que incluso podr\u00eda llevar el \u00edndice a menos del 3,5%, lo que ser\u00eda el nivel m\u00e1s&#8230;<\/p>\n","protected":false},"author":3,"featured_media":30057,"comment_status":"closed","ping_status":"closed","sticky":false,"template":"","format":"standard","meta":[],"categories":[2],"tags":[],"_links":{"self":[{"href":"https:\/\/www.actualidadadiario.com\/index.php\/wp-json\/wp\/v2\/posts\/120085"}],"collection":[{"href":"https:\/\/www.actualidadadiario.com\/index.php\/wp-json\/wp\/v2\/posts"}],"about":[{"href":"https:\/\/www.actualidadadiario.com\/index.php\/wp-json\/wp\/v2\/types\/post"}],"author":[{"embeddable":true,"href":"https:\/\/www.actualidadadiario.com\/index.php\/wp-json\/wp\/v2\/users\/3"}],"replies":[{"embeddable":true,"href":"https:\/\/www.actualidadadiario.com\/index.php\/wp-json\/wp\/v2\/comments?post=120085"}],"version-history":[{"count":1,"href":"https:\/\/www.actualidadadiario.com\/index.php\/wp-json\/wp\/v2\/posts\/120085\/revisions"}],"predecessor-version":[{"id":120086,"href":"https:\/\/www.actualidadadiario.com\/index.php\/wp-json\/wp\/v2\/posts\/120085\/revisions\/120086"}],"wp:featuredmedia":[{"embeddable":true,"href":"https:\/\/www.actualidadadiario.com\/index.php\/wp-json\/wp\/v2\/media\/30057"}],"wp:attachment":[{"href":"https:\/\/www.actualidadadiario.com\/index.php\/wp-json\/wp\/v2\/media?parent=120085"}],"wp:term":[{"taxonomy":"category","embeddable":true,"href":"https:\/\/www.actualidadadiario.com\/index.php\/wp-json\/wp\/v2\/categories?post=120085"},{"taxonomy":"post_tag","embeddable":true,"href":"https:\/\/www.actualidadadiario.com\/index.php\/wp-json\/wp\/v2\/tags?post=120085"}],"curies":[{"name":"wp","href":"https:\/\/api.w.org\/{rel}","templated":true}]}}