{"id":120079,"date":"2024-09-13T11:56:47","date_gmt":"2024-09-13T14:56:47","guid":{"rendered":"https:\/\/www.actualidadadiario.com\/?p=120079"},"modified":"2024-09-13T11:56:47","modified_gmt":"2024-09-13T14:56:47","slug":"efecto-tarifas-por-la-recesion-se-consume-menos-luz-gas-y-agua","status":"publish","type":"post","link":"https:\/\/www.actualidadadiario.com\/index.php\/2024\/09\/13\/efecto-tarifas-por-la-recesion-se-consume-menos-luz-gas-y-agua\/","title":{"rendered":"Efecto tarifas: por la recesi\u00f3n se consume menos luz, gas y agua"},"content":{"rendered":"<p style=\"text-align: center;\"><em><strong>El consumo de energ\u00eda cay\u00f3 fuerte y alcanz\u00f3 su nivel m\u00e1s bajo desde 2020<\/strong><\/em><\/p>\n<p>&nbsp;<\/p>\n<p>&nbsp;<\/p>\n<p>El Instituto Nacional de Estad\u00edsticas y Censos (INDEC) inform\u00f3 que, en junio, el consumo de energ\u00eda el\u00e9ctrica, gas y agua registr\u00f3 una baja de 9,6% interanual, y de -1,1% mensual, en lo que representa su nivel m\u00e1s bajo desde abril del 2020.<\/p>\n<p>Puso asimismo de relieve que el Indicador Sint\u00e9tico de Servicios P\u00fablicos (ISSP) se contrajo en junio -2,9% respecto de mayo y un -4,2% en t\u00e9rminos interanuales.<\/p>\n<p>La ca\u00edda econ\u00f3mica, que para este a\u00f1o se proyecta en 3,9 % seg\u00fan el \u00faltimo Relevamiento de Expectativas del Mercado (REM) que realiza el Banco Central (BCRA), se reflej\u00f3 en los m\u00e1s diversos \u00e1mbitos, como por ejemplo, la utilizaci\u00f3n de servicios p\u00fablicos.<\/p>\n<p>La industria manufacturera sufri\u00f3 su segunda peor ca\u00edda interanual desde la pandemia.<\/p>\n<p>Pero tambi\u00e9n las tarifas encabezaron el \u00edndice de precios al consumidor y en agosto la divisi\u00f3n de mayor aumento fue Vivienda, agua, electricidad y otros combustibles (7,0%) debido a las alzas en Alquiler de la vivienda y gastos conexos, Suministro de agua y Electricidad, gas y otros combustibles.<\/p>\n<p>En el peor mes en materia de actividad econ\u00f3mica, la recolecci\u00f3n de residuos tuvo la mayor variaci\u00f3n negativa del 12,9%, en un contexto en que la merma en la demanda de servicios p\u00fablicos se explica fundamentalmente por la divisi\u00f3n de electricidad, gas y agua, la segunda de mayor incidencia en el ISSP.<\/p>\n<p>&nbsp;<\/p>\n<p><strong>Recesi\u00f3n, feriados, tarifas<\/strong><\/p>\n<p>A la fuerte recesi\u00f3n se le sum\u00f3 la particularidad de que hubo menos d\u00edas h\u00e1biles que de costumbre por feriados largos pero fundamentalmente los aumentos tarifarios motivan tambi\u00e9n un recorte del consumo.<\/p>\n<p>El transporte de pasajeros disminuy\u00f3 6,9% y algo similar ocurri\u00f3 con la cantidad de veh\u00edculos pasantes pagos por peajes que mostr\u00f3 una merma de 8,6% interanual.<\/p>\n<p>Sin embargo,\u00a0 el transporte de carga tuvo una suba de 6,3% debido al repunte de la producci\u00f3n agr\u00edcola luego de la sequ\u00eda del 2023.<\/p>\n<p>El servicio de correo postal tuvo una baja de 13,3% y el sector de telefon\u00eda registr\u00f3 una variaci\u00f3n negativa cercana a cero.<\/p>\n<p>&nbsp;<\/p>\n<p><strong>Incidencia regional<\/strong><\/p>\n<p>El titular de IARAF, Nadin Alga\u00f1araz, analiz\u00f3 en qu\u00e9 regiones del pa\u00eds se encarecieron relativamente m\u00e1s los precios de los servicios p\u00fablicos, entre noviembre de 2023 y agosto de 2024.<\/p>\n<p>En el caso de Vivienda, agua, electricidad, gas y otros combustibles, el precio relativo a nivel nacional era en noviembre de 2023 un 46,4% inferior al de diciembre de 2017 y en agosto contin\u00faa abajo un 30,1%, destac\u00f3.<\/p>\n<p>Entre noviembre de 2023 y agosto de 2024, el precio relativo subi\u00f3 un 30,3%.<\/p>\n<p>Del an\u00e1lisis por regi\u00f3n surge que en tres de ellas el precio relativo subi\u00f3 m\u00e1s que el promedio nacional y que en otras tres subi\u00f3 menos.<\/p>\n<p>Donde m\u00e1s aument\u00f3 el precio relativo de los servicios p\u00fablicos es en la regi\u00f3n noroeste, con una suba del 50%.<\/p>\n<p>Seguida por la regi\u00f3n nordeste con una suba del 39,3%. En el otro extremo, donde menos subi\u00f3 el precio relativo de los servicios p\u00fablicos fue en el GBA, con un 26,6%.<\/p>\n<p>Le sigue la Patagonia con un 28,3%.<\/p>\n<p>A grandes rasgos, en la regi\u00f3n que menos aument\u00f3 el precio relativo, lo hizo casi a la mitad de la de mayor aumento.<\/p>\n<p>En t\u00e9rminos desestacionalizados, el \u00edndice serie original del Indicador sint\u00e9tico de servicios p\u00fablicos (ISSP) present\u00f3 una variaci\u00f3n negativa de 2,9% respecto de mayo de 2024.<\/p>\n<p>En t\u00e9rminos desestacionalizados, en junio de 2024 respecto de mayo de 2024, se observa que la demanda de energ\u00eda el\u00e9ctrica, gas y agua registr\u00f3 una baja de 11,1% y la recolecci\u00f3n de residuos tuvo una variaci\u00f3n positiva de 1,0%.<\/p>\n<p>Por su parte, el transporte de pasajeros tuvo una suba de 1,4% y el transporte de carga se increment\u00f3 0,1%; mientras que los veh\u00edculos pasantes pagos por peajes mostraron una variaci\u00f3n negativa de 0,6%.<\/p>\n<p>En cuanto al \u00edndice de tendencia-ciclo, se observa en junio de 2024 respecto del mes anterior que los sectores que registraron una variaci\u00f3n positiva fueron el transporte de carga (0,7%) y los veh\u00edculos pasantes pagos por peajes (0,1%); mientras que los sectores que registraron una variaci\u00f3n negativa fueron electricidad, gas y agua (0,4%), la recolecci\u00f3n de residuos (0,3%), el transporte de pasajeros (0,2%), el servicio de correo postal (0,9%) y telefon\u00eda (con una variaci\u00f3n negativa cercana a cero).<\/p>\n","protected":false},"excerpt":{"rendered":"<p>El consumo de energ\u00eda cay\u00f3 fuerte y alcanz\u00f3 su nivel m\u00e1s bajo desde 2020 &nbsp; &nbsp; El Instituto Nacional de Estad\u00edsticas y Censos (INDEC) inform\u00f3 que, en junio, el consumo de energ\u00eda el\u00e9ctrica, gas y agua registr\u00f3 una baja de 9,6% interanual, y de -1,1% mensual, en lo que representa su nivel m\u00e1s bajo desde abril del 2020. Puso asimismo de relieve que el Indicador Sint\u00e9tico de Servicios P\u00fablicos (ISSP) se contrajo en junio -2,9% respecto de mayo y un -4,2% en t\u00e9rminos interanuales. La ca\u00edda econ\u00f3mica, que para este&#8230;<\/p>\n","protected":false},"author":3,"featured_media":120080,"comment_status":"closed","ping_status":"closed","sticky":false,"template":"","format":"standard","meta":[],"categories":[2],"tags":[],"_links":{"self":[{"href":"https:\/\/www.actualidadadiario.com\/index.php\/wp-json\/wp\/v2\/posts\/120079"}],"collection":[{"href":"https:\/\/www.actualidadadiario.com\/index.php\/wp-json\/wp\/v2\/posts"}],"about":[{"href":"https:\/\/www.actualidadadiario.com\/index.php\/wp-json\/wp\/v2\/types\/post"}],"author":[{"embeddable":true,"href":"https:\/\/www.actualidadadiario.com\/index.php\/wp-json\/wp\/v2\/users\/3"}],"replies":[{"embeddable":true,"href":"https:\/\/www.actualidadadiario.com\/index.php\/wp-json\/wp\/v2\/comments?post=120079"}],"version-history":[{"count":1,"href":"https:\/\/www.actualidadadiario.com\/index.php\/wp-json\/wp\/v2\/posts\/120079\/revisions"}],"predecessor-version":[{"id":120081,"href":"https:\/\/www.actualidadadiario.com\/index.php\/wp-json\/wp\/v2\/posts\/120079\/revisions\/120081"}],"wp:featuredmedia":[{"embeddable":true,"href":"https:\/\/www.actualidadadiario.com\/index.php\/wp-json\/wp\/v2\/media\/120080"}],"wp:attachment":[{"href":"https:\/\/www.actualidadadiario.com\/index.php\/wp-json\/wp\/v2\/media?parent=120079"}],"wp:term":[{"taxonomy":"category","embeddable":true,"href":"https:\/\/www.actualidadadiario.com\/index.php\/wp-json\/wp\/v2\/categories?post=120079"},{"taxonomy":"post_tag","embeddable":true,"href":"https:\/\/www.actualidadadiario.com\/index.php\/wp-json\/wp\/v2\/tags?post=120079"}],"curies":[{"name":"wp","href":"https:\/\/api.w.org\/{rel}","templated":true}]}}