{"id":120073,"date":"2024-09-13T11:54:10","date_gmt":"2024-09-13T14:54:10","guid":{"rendered":"https:\/\/www.actualidadadiario.com\/?p=120073"},"modified":"2024-09-13T11:54:10","modified_gmt":"2024-09-13T14:54:10","slug":"incendios-bomberos-responsabilizaron-al-ejercito-por-practicas-negligentes-en-la-calera","status":"publish","type":"post","link":"https:\/\/www.actualidadadiario.com\/index.php\/2024\/09\/13\/incendios-bomberos-responsabilizaron-al-ejercito-por-practicas-negligentes-en-la-calera\/","title":{"rendered":"Incendios: bomberos responsabilizaron al Ej\u00e9rcito por pr\u00e1cticas negligentes en La Calera"},"content":{"rendered":"<p style=\"text-align: center;\"><em><strong>Existen sospechas de que el fuego encendi\u00f3 por negligencia del personal de las Fuerzas Armadas<\/strong><\/em><\/p>\n<p>&nbsp;<\/p>\n<p>&nbsp;<\/p>\n<p>La Justicia investiga c\u00f3mo se generaron dos focos de fuego en d\u00edas distintos en la Reserva Natural de la Defensa La Calera durante entrenamientos militares. Bomberos hab\u00edan advertido que las pr\u00e1cticas con municiones y fum\u00edgenos pod\u00edan provocar incendios forestales por el riesgo extremo debido a las condiciones meteorol\u00f3gicas.<\/p>\n<p>Cabe mencionar que se quem\u00f3 m\u00e1s de un tercio de la reserva militar. Este incendio provoc\u00f3 alto riesgo de vidas humanas, cortes de rutas, evacuaci\u00f3n de viviendas, un geri\u00e1trico, una estaci\u00f3n de servicio, cabinas de peaje, adem\u00e1s de bomberos heridos y una cat\u00e1strofe ambiental incalculable.<\/p>\n<p>Dos Bomberos, con larga trayectoria como voluntarios, aseguraron al medio Perfil C\u00f3rdoba que los focos de los d\u00edas 28 de agosto y 5 de septiembre se iniciaron como \u201cconsecuencia de la negligencia en las pr\u00e1cticas militares\u201d de instrucci\u00f3n y adiestramiento.<\/p>\n<p>Se estar\u00eda investigando si los practicantes de las FF.AA. dispararon a blancos de tiro que habr\u00edan sido colocados del otro lado de la picada corta fuego. Algunas de las municiones que quedaron fuera del \u00e1rea delimitada habr\u00edan provocado el primer fuego y, como consecuencia de las condiciones meteorol\u00f3gicas, la r\u00e1pida propagaci\u00f3n por las fuertes r\u00e1fagas de viento.<\/p>\n","protected":false},"excerpt":{"rendered":"<p>Existen sospechas de que el fuego encendi\u00f3 por negligencia del personal de las Fuerzas Armadas &nbsp; &nbsp; La Justicia investiga c\u00f3mo se generaron dos focos de fuego en d\u00edas distintos en la Reserva Natural de la Defensa La Calera durante entrenamientos militares. Bomberos hab\u00edan advertido que las pr\u00e1cticas con municiones y fum\u00edgenos pod\u00edan provocar incendios forestales por el riesgo extremo debido a las condiciones meteorol\u00f3gicas. Cabe mencionar que se quem\u00f3 m\u00e1s de un tercio de la reserva militar. Este incendio provoc\u00f3 alto riesgo de vidas humanas, cortes de rutas, evacuaci\u00f3n&#8230;<\/p>\n","protected":false},"author":3,"featured_media":120074,"comment_status":"closed","ping_status":"closed","sticky":false,"template":"","format":"standard","meta":[],"categories":[2],"tags":[],"_links":{"self":[{"href":"https:\/\/www.actualidadadiario.com\/index.php\/wp-json\/wp\/v2\/posts\/120073"}],"collection":[{"href":"https:\/\/www.actualidadadiario.com\/index.php\/wp-json\/wp\/v2\/posts"}],"about":[{"href":"https:\/\/www.actualidadadiario.com\/index.php\/wp-json\/wp\/v2\/types\/post"}],"author":[{"embeddable":true,"href":"https:\/\/www.actualidadadiario.com\/index.php\/wp-json\/wp\/v2\/users\/3"}],"replies":[{"embeddable":true,"href":"https:\/\/www.actualidadadiario.com\/index.php\/wp-json\/wp\/v2\/comments?post=120073"}],"version-history":[{"count":1,"href":"https:\/\/www.actualidadadiario.com\/index.php\/wp-json\/wp\/v2\/posts\/120073\/revisions"}],"predecessor-version":[{"id":120075,"href":"https:\/\/www.actualidadadiario.com\/index.php\/wp-json\/wp\/v2\/posts\/120073\/revisions\/120075"}],"wp:featuredmedia":[{"embeddable":true,"href":"https:\/\/www.actualidadadiario.com\/index.php\/wp-json\/wp\/v2\/media\/120074"}],"wp:attachment":[{"href":"https:\/\/www.actualidadadiario.com\/index.php\/wp-json\/wp\/v2\/media?parent=120073"}],"wp:term":[{"taxonomy":"category","embeddable":true,"href":"https:\/\/www.actualidadadiario.com\/index.php\/wp-json\/wp\/v2\/categories?post=120073"},{"taxonomy":"post_tag","embeddable":true,"href":"https:\/\/www.actualidadadiario.com\/index.php\/wp-json\/wp\/v2\/tags?post=120073"}],"curies":[{"name":"wp","href":"https:\/\/api.w.org\/{rel}","templated":true}]}}