{"id":120071,"date":"2024-09-13T11:52:09","date_gmt":"2024-09-13T14:52:09","guid":{"rendered":"https:\/\/www.actualidadadiario.com\/?p=120071"},"modified":"2024-09-13T11:52:09","modified_gmt":"2024-09-13T14:52:09","slug":"el-salario-minimo-se-derrumbo-mas-del-26-durante-los-primeros-nueve-meses-del-gobierno-de-milei","status":"publish","type":"post","link":"https:\/\/www.actualidadadiario.com\/index.php\/2024\/09\/13\/el-salario-minimo-se-derrumbo-mas-del-26-durante-los-primeros-nueve-meses-del-gobierno-de-milei\/","title":{"rendered":"El salario m\u00ednimo se derrumb\u00f3 m\u00e1s del 26% durante los primeros nueve meses del Gobierno de Milei"},"content":{"rendered":"<p style=\"text-align: center;\"><em><strong>As\u00ed lo reflej\u00f3 un informe publicado por el Instituto Interdisciplinario de Econom\u00eda Pol\u00edtica (IIEP) de la Universidad de Buenos Aires (UBA), elaborado en base a datos de la Secretar\u00eda de Trabajo. Si bien se viene verificando una tendencia bajista desde hace ya m\u00e1s de una d\u00e9cada, la ca\u00edda real del Salario M\u00ednimo, Vital y M\u00f3vil (SMVM) se intensific\u00f3 en los \u00faltimos meses<\/strong><\/em><\/p>\n<p>&nbsp;<\/p>\n<p>&nbsp;<\/p>\n<p>El salario m\u00ednimo se derrumb\u00f3 un 26,5% en t\u00e9rminos reales durante los primeros nueve meses del Gobierno de Javier Milei. Si bien se viene verificando una tendencia bajista desde hace ya m\u00e1s de una d\u00e9cada, la ca\u00edda real del Salario M\u00ednimo, Vital y M\u00f3vil (SMVM) se intensific\u00f3 en los \u00faltimos meses.<\/p>\n<p>As\u00ed lo reflej\u00f3 un informe publicado por el Instituto Interdisciplinario de Econom\u00eda Pol\u00edtica (IIEP) de la Universidad de Buenos Aires (UBA), elaborado en base a datos de la Secretar\u00eda de Trabajo.<\/p>\n<p>El informe remarc\u00f3 que a partir de la aceleraci\u00f3n de la inflaci\u00f3n provocada por la \u00faltima gran devaluaci\u00f3n, el SMVM de enero de este a\u00f1o ya se hab\u00eda reducido en un 17% respecto del valor de noviembre. &#8220;Entre febrero y mayo el incremento nominal acompa\u00f1\u00f3 la inflaci\u00f3n por lo cual no se observaron reducciones adicionales. En el mes de junio se produjo una nueva ca\u00edda, seguida por cierta recuperaci\u00f3n en julio y una nueva contracci\u00f3n en agosto&#8221;, agregaron desde el IIEP.<\/p>\n<p>En agosto hubo un ajuste del salario m\u00ednimo, que pas\u00f3 de $254.232 a $262.433. Un incremento que fue de apenas del 3,2%, cuando la inflaci\u00f3n en dicho mes fue del 4,2%, de acuerdo con los recientes n\u00fameros difundidos por el INDEC.<\/p>\n<p>&#8220;La tendencia decreciente previa, conjuntamente con la fuerte contracci\u00f3n de estos meses, ubica al SMVM entre los valores m\u00e1s bajos de la serie, a excepci\u00f3n de los primeros a\u00f1os de la convertibilidad y luego de su colapso, en 2002\/2003. Asimismo, implica una erosi\u00f3n del 59% respecto del valor m\u00e1ximo de la serie, en septiembre de 2011&#8221;, detall\u00f3 el IIEP.<\/p>\n<p>&nbsp;<\/p>\n<p><strong>A la crisis de salarios se le sum\u00f3 la crisis de empleo<\/strong><\/p>\n<p>Si bien el salario real profundiz\u00f3 su contracci\u00f3n desde la llegada de Milei a la Casa Rosada, lo cierto es que ya desde hace a\u00f1os que ven\u00edan mostrando un deterioro. Por el contrario, lo que s\u00ed cambi\u00f3 de manera m\u00e1s notoria en los \u00faltimos meses fue la din\u00e1mica del empleo: mientras durante el Gobierno del Frente de Todos la tasa de desempleo se mantuvo baja (aunque en un contexto de crecimiento del fen\u00f3meno de trabajadores pobres), desde diciembre comenz\u00f3 a observarse una fuerte p\u00e9rdida de empleos.<\/p>\n<p>Seg\u00fan los \u00faltimos datos de la Secretar\u00eda de Trabajo, entre noviembre y junio se perdieron 182.500 puestos de trabajo asalariado (suma de empleados privados, p\u00fablicos y en casas particulares), mientras que la contracci\u00f3n es de 204.100 si se toma en cuenta el \u00faltimo pico de agosto del a\u00f1o pasado.<\/p>\n<p>&nbsp;<\/p>\n<p><strong>La tasa de entrada del empleo mejor\u00f3 en julio, aunque se mantiene en pisos hist\u00f3ricos<\/strong><\/p>\n<p>La tasa de entrada del empleo, que mide el porcentaje de incorporaciones de trabajadores en relaci\u00f3n al stock de ocupados a fin del mes anterior, mejor\u00f3 en julio por primera vez desde enero pero aun as\u00ed se mantiene baja en t\u00e9rminos hist\u00f3ricos.<\/p>\n<p>En efecto, dicha tasa creci\u00f3 del 1,3% al 1,6% en el s\u00e9ptimo mes de 2024. Sin embargo, vale remarcar que entre agosto de 2021 (salida de la pandemia) y noviembre de 2023 dicho porcentaje fue mayor, llegando a anotar un m\u00e1ximo de 3% en ese lapso, en marzo de 2022. Desde el IIEP subrayaron que solo el per\u00edodo m\u00e1s cr\u00edtico del Covid-19 y algunos meses de 2002, luego del colapso de la convertibilidad, fueron peores en esta materia.<\/p>\n","protected":false},"excerpt":{"rendered":"<p>As\u00ed lo reflej\u00f3 un informe publicado por el Instituto Interdisciplinario de Econom\u00eda Pol\u00edtica (IIEP) de la Universidad de Buenos Aires (UBA), elaborado en base a datos de la Secretar\u00eda de Trabajo. Si bien se viene verificando una tendencia bajista desde hace ya m\u00e1s de una d\u00e9cada, la ca\u00edda real del Salario M\u00ednimo, Vital y M\u00f3vil (SMVM) se intensific\u00f3 en los \u00faltimos meses &nbsp; &nbsp; El salario m\u00ednimo se derrumb\u00f3 un 26,5% en t\u00e9rminos reales durante los primeros nueve meses del Gobierno de Javier Milei. Si bien se viene verificando una&#8230;<\/p>\n","protected":false},"author":3,"featured_media":32072,"comment_status":"closed","ping_status":"closed","sticky":false,"template":"","format":"standard","meta":[],"categories":[9],"tags":[],"_links":{"self":[{"href":"https:\/\/www.actualidadadiario.com\/index.php\/wp-json\/wp\/v2\/posts\/120071"}],"collection":[{"href":"https:\/\/www.actualidadadiario.com\/index.php\/wp-json\/wp\/v2\/posts"}],"about":[{"href":"https:\/\/www.actualidadadiario.com\/index.php\/wp-json\/wp\/v2\/types\/post"}],"author":[{"embeddable":true,"href":"https:\/\/www.actualidadadiario.com\/index.php\/wp-json\/wp\/v2\/users\/3"}],"replies":[{"embeddable":true,"href":"https:\/\/www.actualidadadiario.com\/index.php\/wp-json\/wp\/v2\/comments?post=120071"}],"version-history":[{"count":1,"href":"https:\/\/www.actualidadadiario.com\/index.php\/wp-json\/wp\/v2\/posts\/120071\/revisions"}],"predecessor-version":[{"id":120072,"href":"https:\/\/www.actualidadadiario.com\/index.php\/wp-json\/wp\/v2\/posts\/120071\/revisions\/120072"}],"wp:featuredmedia":[{"embeddable":true,"href":"https:\/\/www.actualidadadiario.com\/index.php\/wp-json\/wp\/v2\/media\/32072"}],"wp:attachment":[{"href":"https:\/\/www.actualidadadiario.com\/index.php\/wp-json\/wp\/v2\/media?parent=120071"}],"wp:term":[{"taxonomy":"category","embeddable":true,"href":"https:\/\/www.actualidadadiario.com\/index.php\/wp-json\/wp\/v2\/categories?post=120071"},{"taxonomy":"post_tag","embeddable":true,"href":"https:\/\/www.actualidadadiario.com\/index.php\/wp-json\/wp\/v2\/tags?post=120071"}],"curies":[{"name":"wp","href":"https:\/\/api.w.org\/{rel}","templated":true}]}}