{"id":12007,"date":"2017-05-23T09:57:44","date_gmt":"2017-05-23T12:57:44","guid":{"rendered":"http:\/\/actualidadadiario.com\/site\/?p=12007"},"modified":"2017-05-23T09:57:44","modified_gmt":"2017-05-23T12:57:44","slug":"confirmaron-que-facundo-manes-sera-candidato-a-diputado","status":"publish","type":"post","link":"https:\/\/www.actualidadadiario.com\/index.php\/2017\/05\/23\/confirmaron-que-facundo-manes-sera-candidato-a-diputado\/","title":{"rendered":"Confirmaron que Facundo Manes ser\u00e1 candidato a diputado"},"content":{"rendered":"<p><em><strong>El ministro de Educaci\u00f3n, Esteban Bullrich, confirm\u00f3 que el m\u00e9dico encabezar\u00e1 la lista de Cambiemos en provincia de Buenos Aires<\/strong><\/em><\/p>\n<p>&nbsp;<\/p>\n<p>&nbsp;<\/p>\n<p>&nbsp;<\/p>\n<p>&nbsp;<\/p>\n<p>En la cena anual de recaudaci\u00f3n de fondos de la ONG Asociaci\u00f3n Conciencia, el funcionario confirm\u00f3 que el neur\u00f3logo y Gladys Gonz\u00e1lez, la actual titular del Acumar, ser\u00e1n los principales candidatos del oficialismo en las elecciones legislativas de octubre.<\/p>\n<p>&nbsp;<\/p>\n<p>Esteban Bullrich adelant\u00f3 que Facundo Man\u00e9s ser\u00e1 el primer candidato a diputado nacional por el distrito bonaerense. El ministro de Educaci\u00f3n no hizo referencia a la lista de Senadores, pero se especula que ser\u00eda Gonz\u00e1lez quien ocupe ese lugar.<\/p>\n","protected":false},"excerpt":{"rendered":"<p>El ministro de Educaci\u00f3n, Esteban Bullrich, confirm\u00f3 que el m\u00e9dico encabezar\u00e1 la lista de Cambiemos en provincia de Buenos Aires &nbsp; &nbsp; &nbsp; &nbsp; En la cena anual de recaudaci\u00f3n de fondos de la ONG Asociaci\u00f3n Conciencia, el funcionario confirm\u00f3 que el neur\u00f3logo y Gladys Gonz\u00e1lez, la actual titular del Acumar, ser\u00e1n los principales candidatos del oficialismo en las elecciones legislativas de octubre. &nbsp; Esteban Bullrich adelant\u00f3 que Facundo Man\u00e9s ser\u00e1 el primer candidato a diputado nacional por el distrito bonaerense. El ministro de Educaci\u00f3n no hizo referencia a la&#8230;<\/p>\n","protected":false},"author":3,"featured_media":12008,"comment_status":"closed","ping_status":"closed","sticky":false,"template":"","format":"standard","meta":[],"categories":[18],"tags":[],"_links":{"self":[{"href":"https:\/\/www.actualidadadiario.com\/index.php\/wp-json\/wp\/v2\/posts\/12007"}],"collection":[{"href":"https:\/\/www.actualidadadiario.com\/index.php\/wp-json\/wp\/v2\/posts"}],"about":[{"href":"https:\/\/www.actualidadadiario.com\/index.php\/wp-json\/wp\/v2\/types\/post"}],"author":[{"embeddable":true,"href":"https:\/\/www.actualidadadiario.com\/index.php\/wp-json\/wp\/v2\/users\/3"}],"replies":[{"embeddable":true,"href":"https:\/\/www.actualidadadiario.com\/index.php\/wp-json\/wp\/v2\/comments?post=12007"}],"version-history":[{"count":1,"href":"https:\/\/www.actualidadadiario.com\/index.php\/wp-json\/wp\/v2\/posts\/12007\/revisions"}],"predecessor-version":[{"id":12009,"href":"https:\/\/www.actualidadadiario.com\/index.php\/wp-json\/wp\/v2\/posts\/12007\/revisions\/12009"}],"wp:featuredmedia":[{"embeddable":true,"href":"https:\/\/www.actualidadadiario.com\/index.php\/wp-json\/wp\/v2\/media\/12008"}],"wp:attachment":[{"href":"https:\/\/www.actualidadadiario.com\/index.php\/wp-json\/wp\/v2\/media?parent=12007"}],"wp:term":[{"taxonomy":"category","embeddable":true,"href":"https:\/\/www.actualidadadiario.com\/index.php\/wp-json\/wp\/v2\/categories?post=12007"},{"taxonomy":"post_tag","embeddable":true,"href":"https:\/\/www.actualidadadiario.com\/index.php\/wp-json\/wp\/v2\/tags?post=12007"}],"curies":[{"name":"wp","href":"https:\/\/api.w.org\/{rel}","templated":true}]}}