{"id":120064,"date":"2024-09-13T10:44:27","date_gmt":"2024-09-13T13:44:27","guid":{"rendered":"https:\/\/www.actualidadadiario.com\/?p=120064"},"modified":"2024-09-13T10:44:27","modified_gmt":"2024-09-13T13:44:27","slug":"incendio-forestal-en-islas-del-delta-santa-fe-y-entre-rios-unen-fuerzas-para-combatir-el-fuego","status":"publish","type":"post","link":"https:\/\/www.actualidadadiario.com\/index.php\/2024\/09\/13\/incendio-forestal-en-islas-del-delta-santa-fe-y-entre-rios-unen-fuerzas-para-combatir-el-fuego\/","title":{"rendered":"Incendio forestal en Islas del Delta: Santa Fe y Entre R\u00edos unen fuerzas para combatir el fuego"},"content":{"rendered":"<p style=\"text-align: center;\"><em><strong>Un incendio forestal detectado en la tarde\/noche del 11 de septiembre en la zona de islas de Entre R\u00edos, frente a Rosario, motiv\u00f3 a una r\u00e1pida respuesta conjunta de ambas provincias para combatir el fuego. Si bien el incendio se encuentra en territorio entrerriano, la colaboraci\u00f3n entre Santa Fe y Entre R\u00edos permiti\u00f3 una acci\u00f3n coordinada para proteger la zona<\/strong><\/em><\/p>\n<p>&nbsp;<\/p>\n<p>&nbsp;<\/p>\n<p>Cabe destacar que existe un protocolo de actuaci\u00f3n conjunta acordado por ambas jurisdicciones.<\/p>\n<p>Personal de la Brigada de Respuesta Ambiental de Entre R\u00edos lleg\u00f3 al lugar a primera hora del jueves y comenz\u00f3 a combatir los incendios en la Isla Monumento Hist\u00f3rico El Franc\u00e9s. La Direcci\u00f3n de Protecci\u00f3n Civil de Santa Fe y la Prefectura Naval Argentina tambi\u00e9n se sumaron a los esfuerzos, poniendo a disposici\u00f3n recursos de personal, material y log\u00edstica para apoyar la operaci\u00f3n.<\/p>\n<p>Hasta la noche de este jueves, eran m\u00e1s de cuatro los focos de incendios que se encontraban activos, afectando a pueblos y ciudades de la provincia vecina, y el humo incluso lleg\u00f3 a la ciudad de Rosario y poblaciones cercanas.<\/p>\n<p>&#8220;La articulaci\u00f3n entre ambas provincias permiti\u00f3 una respuesta efectiva para proteger la zona, incluyendo la costa oeste donde se encuentran unas 30 viviendas&#8221; destac\u00f3 Pablo Ace\u00f1olaza, encargado del Plan Manejo del Fuego de Entre R\u00edos. La colaboraci\u00f3n entre bomberos, brigadistas y personal de la Prefectura Naval Argentina demostr\u00f3 la importancia de la cooperaci\u00f3n interprovincial en situaciones de emergencia.<\/p>\n<p>Ante esto, el secretario de Protecci\u00f3n Civil de Santa Fe, Marcos Escajadillo explic\u00f3 que &#8220;tenemos 30 brigadistas forestales trabajando para poder cortar el incendio de interfase. Es una tarea compleja, un escenario agreste como el de zona de isla. Hay que trabajarlo con mucho cuidado&#8221;.<\/p>\n<p>Se prev\u00e9 la continuidad de las acciones durante los pr\u00f3ximos d\u00edas, previendo el fen\u00f3meno \u00edgneo y en funci\u00f3n de las previsiones meteorol\u00f3gicas.<\/p>\n","protected":false},"excerpt":{"rendered":"<p>Un incendio forestal detectado en la tarde\/noche del 11 de septiembre en la zona de islas de Entre R\u00edos, frente a Rosario, motiv\u00f3 a una r\u00e1pida respuesta conjunta de ambas provincias para combatir el fuego. Si bien el incendio se encuentra en territorio entrerriano, la colaboraci\u00f3n entre Santa Fe y Entre R\u00edos permiti\u00f3 una acci\u00f3n coordinada para proteger la zona &nbsp; &nbsp; Cabe destacar que existe un protocolo de actuaci\u00f3n conjunta acordado por ambas jurisdicciones. Personal de la Brigada de Respuesta Ambiental de Entre R\u00edos lleg\u00f3 al lugar a primera&#8230;<\/p>\n","protected":false},"author":3,"featured_media":120065,"comment_status":"closed","ping_status":"closed","sticky":false,"template":"","format":"standard","meta":[],"categories":[15],"tags":[],"_links":{"self":[{"href":"https:\/\/www.actualidadadiario.com\/index.php\/wp-json\/wp\/v2\/posts\/120064"}],"collection":[{"href":"https:\/\/www.actualidadadiario.com\/index.php\/wp-json\/wp\/v2\/posts"}],"about":[{"href":"https:\/\/www.actualidadadiario.com\/index.php\/wp-json\/wp\/v2\/types\/post"}],"author":[{"embeddable":true,"href":"https:\/\/www.actualidadadiario.com\/index.php\/wp-json\/wp\/v2\/users\/3"}],"replies":[{"embeddable":true,"href":"https:\/\/www.actualidadadiario.com\/index.php\/wp-json\/wp\/v2\/comments?post=120064"}],"version-history":[{"count":1,"href":"https:\/\/www.actualidadadiario.com\/index.php\/wp-json\/wp\/v2\/posts\/120064\/revisions"}],"predecessor-version":[{"id":120066,"href":"https:\/\/www.actualidadadiario.com\/index.php\/wp-json\/wp\/v2\/posts\/120064\/revisions\/120066"}],"wp:featuredmedia":[{"embeddable":true,"href":"https:\/\/www.actualidadadiario.com\/index.php\/wp-json\/wp\/v2\/media\/120065"}],"wp:attachment":[{"href":"https:\/\/www.actualidadadiario.com\/index.php\/wp-json\/wp\/v2\/media?parent=120064"}],"wp:term":[{"taxonomy":"category","embeddable":true,"href":"https:\/\/www.actualidadadiario.com\/index.php\/wp-json\/wp\/v2\/categories?post=120064"},{"taxonomy":"post_tag","embeddable":true,"href":"https:\/\/www.actualidadadiario.com\/index.php\/wp-json\/wp\/v2\/tags?post=120064"}],"curies":[{"name":"wp","href":"https:\/\/api.w.org\/{rel}","templated":true}]}}