{"id":120061,"date":"2024-09-13T10:43:09","date_gmt":"2024-09-13T13:43:09","guid":{"rendered":"https:\/\/www.actualidadadiario.com\/?p=120061"},"modified":"2024-09-13T10:43:09","modified_gmt":"2024-09-13T13:43:09","slug":"un-informe-del-ministerio-de-seguridad-de-la-nacion-ratifica-que-entre-rios-esta-a-la-cabeza-de-la-tasa-de-suicidios","status":"publish","type":"post","link":"https:\/\/www.actualidadadiario.com\/index.php\/2024\/09\/13\/un-informe-del-ministerio-de-seguridad-de-la-nacion-ratifica-que-entre-rios-esta-a-la-cabeza-de-la-tasa-de-suicidios\/","title":{"rendered":"Un informe del Ministerio de Seguridad de la Naci\u00f3n ratifica que Entre R\u00edos est\u00e1 a la cabeza de la tasa de suicidios"},"content":{"rendered":"<p style=\"text-align: center;\"><em><strong>El Informe del Sistema Nacional de Informaci\u00f3n Criminal -presentado en agosto- dej\u00f3 a la provincia al tope de los distritos con mayor n\u00famero de suicidios cada 100.000 habitantes. Los departamentos donde m\u00e1s se dieron los hechos<\/strong><\/em><\/p>\n<p>&nbsp;<\/p>\n<p>&nbsp;<\/p>\n<p>Vale recordar que el actual gobierno provincial ya hab\u00eda advertido que Entre R\u00edos es \u201cuna de las provincias con las tasas de suicidio m\u00e1s elevadas del pa\u00eds\u201d, citando cifras desde el a\u00f1o 2001 al 2017, donde se evidenciaba que el incremento de la mortalidad por suicidio fue de 52%.<\/p>\n<p>Estad\u00edsticas actualizadas<\/p>\n<p>Sin embargo, este pasado mes de agosto, la ministra de Seguridad -Patricia Bullrich- present\u00f3 el informe del Sistema Nacional de Informaci\u00f3n Criminal (SNIC), para destacar la reducci\u00f3n de los homicidios dolosos en la primera mitad del a\u00f1o, en comparaci\u00f3n con un a\u00f1o atr\u00e1s.<\/p>\n<p>Pero del mismo informe, se puede desprender un dato que enciende m\u00e1s luces de alarma que el resto, ya que por encima de los homicidios dolosos (2.046) y muertes viales (3.955), se ubic\u00f3 el n\u00famero de suicidios: Un total nacional de 4.195 en el pasado 2023, un 6% m\u00e1s que el a\u00f1o anterior.<\/p>\n<p>De la clasificaci\u00f3n de datos realizada, surge que, la provincia de Entre R\u00edos qued\u00f3 a la cabeza de las cifras proporcionales de Naci\u00f3n, si se tiene en cuenta el n\u00famero de casos por la cantidad de habitantes.<\/p>\n<p>Como se puede apreciar en el gr\u00e1fico oficial, en lo que refiere a las v\u00edctimas de suicidios (consumados) por provincia, tanto en valores absolutos y tasas cada 100.000 habitantes para el per\u00edodo 2022 &#8211; 2023, la provincia tiene un 18,8% sumando 486 casos. El segundo distrito provincial con m\u00e1s casos y porcentaje fue San Luis, con 16,3% y la tercera provincia con m\u00e1s suicidios por cantidad de habitantes fue La Rioja.<\/p>\n<p>Los n\u00fameros oficiales marcan una tasa nacional del 9,8%. En concreto, fueron 4.195 suicidios (consumados) los registrados en el pa\u00eds durante 2023. Hist\u00f3ricamente, siempre seg\u00fan las estad\u00edsticas del Ministerio de Seguridad, los casos aumentaron 5% entre 2022 y 2023.<\/p>\n<p>En cuanto a la geograf\u00eda entrerriana, los cuatro departamentos con m\u00e1s casos por n\u00famero de habitantes son Concordia, Paran\u00e1, Uruguay y Gualeguaych\u00fa.<\/p>\n<p>&nbsp;<\/p>\n<p><strong>Ayuda<\/strong><\/p>\n<p>La provincia cuenta desde el 2020 con el Programa Provincial de Prevenci\u00f3n del Suicidio, dependiente del Ministerio de Salud. Este Programa, contemplado en la Reglamentaci\u00f3n, tiene entre sus funciones: Fomentar estrategias de prevenci\u00f3n, promoci\u00f3n y posvenci\u00f3n intersectoriales en territorio; generar instancias de formaci\u00f3n y materiales de consulta para los equipos de salud y otras \u00e1reas; producir instancias de sensibilizaci\u00f3n y difusi\u00f3n de los lineamientos para el abordaje responsable de la problem\u00e1tica del suicidio en los medios de comunicaci\u00f3n, entre otros.<\/p>\n<p>El Ministerio de Salud de Entre R\u00edos ha dispuesto la l\u00ednea telef\u00f3nica gratuita 0800-777-2100 para el abordaje integral de las urgencias por motivos de salud mental. Este dispositivo, integrado a la red sanitaria, funciona las 24 horas del d\u00eda, todos los d\u00edas y es atendido por profesionales de salud.<\/p>\n","protected":false},"excerpt":{"rendered":"<p>El Informe del Sistema Nacional de Informaci\u00f3n Criminal -presentado en agosto- dej\u00f3 a la provincia al tope de los distritos con mayor n\u00famero de suicidios cada 100.000 habitantes. Los departamentos donde m\u00e1s se dieron los hechos &nbsp; &nbsp; Vale recordar que el actual gobierno provincial ya hab\u00eda advertido que Entre R\u00edos es \u201cuna de las provincias con las tasas de suicidio m\u00e1s elevadas del pa\u00eds\u201d, citando cifras desde el a\u00f1o 2001 al 2017, donde se evidenciaba que el incremento de la mortalidad por suicidio fue de 52%. Estad\u00edsticas actualizadas Sin&#8230;<\/p>\n","protected":false},"author":3,"featured_media":120062,"comment_status":"closed","ping_status":"closed","sticky":false,"template":"","format":"standard","meta":[],"categories":[15],"tags":[],"_links":{"self":[{"href":"https:\/\/www.actualidadadiario.com\/index.php\/wp-json\/wp\/v2\/posts\/120061"}],"collection":[{"href":"https:\/\/www.actualidadadiario.com\/index.php\/wp-json\/wp\/v2\/posts"}],"about":[{"href":"https:\/\/www.actualidadadiario.com\/index.php\/wp-json\/wp\/v2\/types\/post"}],"author":[{"embeddable":true,"href":"https:\/\/www.actualidadadiario.com\/index.php\/wp-json\/wp\/v2\/users\/3"}],"replies":[{"embeddable":true,"href":"https:\/\/www.actualidadadiario.com\/index.php\/wp-json\/wp\/v2\/comments?post=120061"}],"version-history":[{"count":1,"href":"https:\/\/www.actualidadadiario.com\/index.php\/wp-json\/wp\/v2\/posts\/120061\/revisions"}],"predecessor-version":[{"id":120063,"href":"https:\/\/www.actualidadadiario.com\/index.php\/wp-json\/wp\/v2\/posts\/120061\/revisions\/120063"}],"wp:featuredmedia":[{"embeddable":true,"href":"https:\/\/www.actualidadadiario.com\/index.php\/wp-json\/wp\/v2\/media\/120062"}],"wp:attachment":[{"href":"https:\/\/www.actualidadadiario.com\/index.php\/wp-json\/wp\/v2\/media?parent=120061"}],"wp:term":[{"taxonomy":"category","embeddable":true,"href":"https:\/\/www.actualidadadiario.com\/index.php\/wp-json\/wp\/v2\/categories?post=120061"},{"taxonomy":"post_tag","embeddable":true,"href":"https:\/\/www.actualidadadiario.com\/index.php\/wp-json\/wp\/v2\/tags?post=120061"}],"curies":[{"name":"wp","href":"https:\/\/api.w.org\/{rel}","templated":true}]}}