{"id":120058,"date":"2024-09-13T10:41:41","date_gmt":"2024-09-13T13:41:41","guid":{"rendered":"https:\/\/www.actualidadadiario.com\/?p=120058"},"modified":"2024-09-13T10:41:41","modified_gmt":"2024-09-13T13:41:41","slug":"en-reunion-de-gabinete-el-gobernador-analizo-el-avance-de-la-obra-publica","status":"publish","type":"post","link":"https:\/\/www.actualidadadiario.com\/index.php\/2024\/09\/13\/en-reunion-de-gabinete-el-gobernador-analizo-el-avance-de-la-obra-publica\/","title":{"rendered":"En reuni\u00f3n de gabinete, el gobernador analiz\u00f3 el avance de la obra p\u00fablica"},"content":{"rendered":"<p style=\"text-align: center;\"><em><strong>Los puntos sobresalientes del encuentro de trabajo fueron la reparaci\u00f3n de edificios educativos y el reinicio de obras p\u00fablicas financiadas con fondos provinciales, as\u00ed como las obras del gobierno nacional que est\u00e1n retomando los trabajos<\/strong><\/em><\/p>\n<p>&nbsp;<\/p>\n<p>&nbsp;<\/p>\n<p>Luego de concluir la reuni\u00f3n realizada este jueves en Casa de Gobierno, el ministro de Planeamiento, Infraestructura y Servicios, Dar\u00edo Schneider, inform\u00f3 que se realiz\u00f3 un repaso de las obras, principalmente lo referido al &#8220;plan de emergencia en edificios escolares. Hace tres meses que se anunci\u00f3 este plan de intervenci\u00f3n y ya llevamos una ejecuci\u00f3n del 70 por ciento, interviniendo en 70 establecimientos educativos&#8221;.<\/p>\n<p>El ministro asegur\u00f3 que el objetivo es llegar a fin de a\u00f1o con 100 escuelas intervenidas. &#8220;Todav\u00eda hay mucho por hacer, pero es un buen comienzo. El a\u00f1o que viene esperamos poder seguir avanzando con este plan. Son obras de bajo presupuesto pero de alto impacto, ya que brindan condiciones dignas para poder dar clases a nuestros chicos. Es un listado abierto, as\u00ed que todo el tiempo vamos incorporando nuevas instituciones a ser intervenidas&#8221;, remarc\u00f3.<\/p>\n<p>Por otra parte, indic\u00f3 que tambi\u00e9n se analizaron los avances del reinicio de obras, contando ya con 57 obras reiniciadas y otras 19 en proceso de reiniciarse en los pr\u00f3ximos meses. Subray\u00f3 que todos estos trabajos se financian con fondos del gobierno provincial, a lo cual se suman las obras reiniciadas por el gobierno nacional. Record\u00f3 que esto \u00faltimo fue posible mediante un convenio firmado por el gobernador entrerriano con el presidente de la Naci\u00f3n, Javier Milei.<\/p>\n<p>Entre las obras reiniciadas por el Gobierno Nacional se encuentran la ruta 12, que incluye la repavimentaci\u00f3n desde Galarza hasta la ruta N\u00b0 32, en la rotonda de Crespo; el acceso sur a Paran\u00e1, una obra muy esperada por los paranaenses y toda el \u00e1rea metropolitana; y la autov\u00eda sobre la ruta N\u00b0 18, que ya lleva 20 a\u00f1os de ejecuci\u00f3n y une Paran\u00e1 con la costa del Uruguay.<\/p>\n<p>&#8220;Estas son buenas noticias. M\u00e1s all\u00e1 de la situaci\u00f3n compleja en la que estamos, hay obras que se est\u00e1n reiniciando y eso es un aporte importante para el desarrollo, el progreso, y el crecimiento de la provincia&#8221;, concluy\u00f3 Schneider.<\/p>\n","protected":false},"excerpt":{"rendered":"<p>Los puntos sobresalientes del encuentro de trabajo fueron la reparaci\u00f3n de edificios educativos y el reinicio de obras p\u00fablicas financiadas con fondos provinciales, as\u00ed como las obras del gobierno nacional que est\u00e1n retomando los trabajos &nbsp; &nbsp; Luego de concluir la reuni\u00f3n realizada este jueves en Casa de Gobierno, el ministro de Planeamiento, Infraestructura y Servicios, Dar\u00edo Schneider, inform\u00f3 que se realiz\u00f3 un repaso de las obras, principalmente lo referido al &#8220;plan de emergencia en edificios escolares. Hace tres meses que se anunci\u00f3 este plan de intervenci\u00f3n y ya llevamos&#8230;<\/p>\n","protected":false},"author":3,"featured_media":120059,"comment_status":"closed","ping_status":"closed","sticky":false,"template":"","format":"standard","meta":[],"categories":[15],"tags":[],"_links":{"self":[{"href":"https:\/\/www.actualidadadiario.com\/index.php\/wp-json\/wp\/v2\/posts\/120058"}],"collection":[{"href":"https:\/\/www.actualidadadiario.com\/index.php\/wp-json\/wp\/v2\/posts"}],"about":[{"href":"https:\/\/www.actualidadadiario.com\/index.php\/wp-json\/wp\/v2\/types\/post"}],"author":[{"embeddable":true,"href":"https:\/\/www.actualidadadiario.com\/index.php\/wp-json\/wp\/v2\/users\/3"}],"replies":[{"embeddable":true,"href":"https:\/\/www.actualidadadiario.com\/index.php\/wp-json\/wp\/v2\/comments?post=120058"}],"version-history":[{"count":1,"href":"https:\/\/www.actualidadadiario.com\/index.php\/wp-json\/wp\/v2\/posts\/120058\/revisions"}],"predecessor-version":[{"id":120060,"href":"https:\/\/www.actualidadadiario.com\/index.php\/wp-json\/wp\/v2\/posts\/120058\/revisions\/120060"}],"wp:featuredmedia":[{"embeddable":true,"href":"https:\/\/www.actualidadadiario.com\/index.php\/wp-json\/wp\/v2\/media\/120059"}],"wp:attachment":[{"href":"https:\/\/www.actualidadadiario.com\/index.php\/wp-json\/wp\/v2\/media?parent=120058"}],"wp:term":[{"taxonomy":"category","embeddable":true,"href":"https:\/\/www.actualidadadiario.com\/index.php\/wp-json\/wp\/v2\/categories?post=120058"},{"taxonomy":"post_tag","embeddable":true,"href":"https:\/\/www.actualidadadiario.com\/index.php\/wp-json\/wp\/v2\/tags?post=120058"}],"curies":[{"name":"wp","href":"https:\/\/api.w.org\/{rel}","templated":true}]}}