{"id":120053,"date":"2024-09-13T10:38:58","date_gmt":"2024-09-13T13:38:58","guid":{"rendered":"https:\/\/www.actualidadadiario.com\/?p=120053"},"modified":"2024-09-13T10:38:58","modified_gmt":"2024-09-13T13:38:58","slug":"a-la-espera-de-una-oferta-salarial-concreta-agmer-postergo-su-congreso-2","status":"publish","type":"post","link":"https:\/\/www.actualidadadiario.com\/index.php\/2024\/09\/13\/a-la-espera-de-una-oferta-salarial-concreta-agmer-postergo-su-congreso-2\/","title":{"rendered":"A la espera de \u201cuna oferta salarial concreta\u201d, Agmer posterg\u00f3 su congreso"},"content":{"rendered":"<p style=\"text-align: center;\"><em><strong>El martes venidero es \u201cel \u00faltimo plazo para recibir efectivamente una oferta integral\u201d, se\u00f1alaron desde el gremio docente. Definieron que el congreso de la entidad se har\u00e1 el pr\u00f3ximo jueves en lugar a definir<\/strong><\/em><\/p>\n<p>&nbsp;<\/p>\n<p>&nbsp;<\/p>\n<p>La Asociaci\u00f3n Gremial del Magisterio de Entre R\u00edos (Agmer) decidi\u00f3 posponer el congreso sindical que en principio estaba previsto que se realizara este viernes 13, en Villaguay, para abordar la oferta salarial integral que se aguardaba que el Gobierno presentase en la tercera audiencia de conciliaci\u00f3n realizada este mi\u00e9rcoles.<\/p>\n<p>Esa oferta reci\u00e9n se conocer\u00e1 en la cuarta audiencia, el martes 17, a las 11, y por eso, el gremio resolvi\u00f3 que el congreso se posponga para el pr\u00f3ximo jueves 19, con lugar a confirmar, aunque las sedes que se barajan son Paran\u00e1, Villaguay, Col\u00f3n o San Salvador, indic\u00f3 el secretario gremial, Guillermo Zampedri.<\/p>\n<p>El sindicalista reconoci\u00f3 que el mi\u00e9rcoles \u201cesper\u00e1bamos una oferta integral que contuviera todos los puntos que hab\u00edamos planteado, pero el Gobierno pidi\u00f3 un nuevo cuarto intermedio porque no terminan de cerrar esa propuesta. As\u00ed que pasamos al martes\u201d.<\/p>\n<p>Remarc\u00f3 que ese es \u201cel \u00faltimo plazo para recibir efectivamente esa oferta integral para ponerla a consideraci\u00f3n de nuestros compa\u00f1eros y nuestras compa\u00f1eras, entendiendo que la semana que viene es la \u00faltima semana de la conciliaci\u00f3n. Luego, estaremos liberados para definir colectivamente c\u00f3mo hacemos siempre en Agmer las estrategias a seguir\u201d, advirti\u00f3 el dirigente.<\/p>\n<p>&nbsp;<\/p>\n<p><strong>\u00bfCerca o lejos del acuerdo?<\/strong><\/p>\n<p>Zampedri expres\u00f3 que \u201cno puedo decir si estamos cerca o lejos. Entiendo que eso es absolutamente relativo, es subjetivo y depende desde d\u00f3nde y desde qu\u00e9 punto de vista se lo mide y con qu\u00e9 criterio se lo mide\u201d.<\/p>\n<p>A paso seguido, insisti\u00f3: \u201clo que digo es que hoy esper\u00e1bamos una oferta concreta, integral, que contenga todos los montos remunerativos, que plantee frente a cuestiones que se han ido trabajando en estas instancias, respuestas efectivas y concretas\u201d.<\/p>\n<p>Ampli\u00f3 en tal sentido: \u201cnos pusimos de acuerdo en el desfasaje. Bueno, hay que decir c\u00f3mo se va a pagar. Luego nos dicen que mes a mes se va a actualizar el salario por \u00edndice de inflaci\u00f3n. Nosotros lo que decimos es que estamos de acuerdo. Pero queremos que ese \u00edndice sea acumulativo y si no es acumulativo, que tengo una cl\u00e1usula de garant\u00eda\u201d.<\/p>\n<p>&nbsp;<\/p>\n<p><strong>Otros puntos pendientes<\/strong><\/p>\n<p>Respecto del Fondo de Incentivo, \u201cacordamos con la herramienta de reemplazo con fondos provinciales. El problema es que no sabemos de qu\u00e9 monto estamos hablando. Entendemos que no hay margen para que la oferta no sea remunerativa en el 100%. Eso tampoco se garantiza, entonces, se me hace muy dif\u00edcil decir si estamos cerca o lejos, porque no tengo precisi\u00f3n de la oferta\u201d.<\/p>\n<p>Pese a los puntos enumerados, el referente de Agmer se\u00f1al\u00f3 que es \u201coptimista. Mi actitud frente a la vida es siempre ser optimista. Ahora, lo concreto es que han pasado tres semanas de la conciliaci\u00f3n y no hemos podido tener una oferta concreta para evaluar, para ponerla a consideraci\u00f3n. La va a aceptar o rechazar la docencia a partir de las asambleas de las escuelas\u201d, complet\u00f3.<\/p>\n","protected":false},"excerpt":{"rendered":"<p>El martes venidero es \u201cel \u00faltimo plazo para recibir efectivamente una oferta integral\u201d, se\u00f1alaron desde el gremio docente. Definieron que el congreso de la entidad se har\u00e1 el pr\u00f3ximo jueves en lugar a definir &nbsp; &nbsp; La Asociaci\u00f3n Gremial del Magisterio de Entre R\u00edos (Agmer) decidi\u00f3 posponer el congreso sindical que en principio estaba previsto que se realizara este viernes 13, en Villaguay, para abordar la oferta salarial integral que se aguardaba que el Gobierno presentase en la tercera audiencia de conciliaci\u00f3n realizada este mi\u00e9rcoles. Esa oferta reci\u00e9n se conocer\u00e1&#8230;<\/p>\n","protected":false},"author":3,"featured_media":42207,"comment_status":"closed","ping_status":"closed","sticky":false,"template":"","format":"standard","meta":[],"categories":[15],"tags":[],"_links":{"self":[{"href":"https:\/\/www.actualidadadiario.com\/index.php\/wp-json\/wp\/v2\/posts\/120053"}],"collection":[{"href":"https:\/\/www.actualidadadiario.com\/index.php\/wp-json\/wp\/v2\/posts"}],"about":[{"href":"https:\/\/www.actualidadadiario.com\/index.php\/wp-json\/wp\/v2\/types\/post"}],"author":[{"embeddable":true,"href":"https:\/\/www.actualidadadiario.com\/index.php\/wp-json\/wp\/v2\/users\/3"}],"replies":[{"embeddable":true,"href":"https:\/\/www.actualidadadiario.com\/index.php\/wp-json\/wp\/v2\/comments?post=120053"}],"version-history":[{"count":1,"href":"https:\/\/www.actualidadadiario.com\/index.php\/wp-json\/wp\/v2\/posts\/120053\/revisions"}],"predecessor-version":[{"id":120054,"href":"https:\/\/www.actualidadadiario.com\/index.php\/wp-json\/wp\/v2\/posts\/120053\/revisions\/120054"}],"wp:featuredmedia":[{"embeddable":true,"href":"https:\/\/www.actualidadadiario.com\/index.php\/wp-json\/wp\/v2\/media\/42207"}],"wp:attachment":[{"href":"https:\/\/www.actualidadadiario.com\/index.php\/wp-json\/wp\/v2\/media?parent=120053"}],"wp:term":[{"taxonomy":"category","embeddable":true,"href":"https:\/\/www.actualidadadiario.com\/index.php\/wp-json\/wp\/v2\/categories?post=120053"},{"taxonomy":"post_tag","embeddable":true,"href":"https:\/\/www.actualidadadiario.com\/index.php\/wp-json\/wp\/v2\/tags?post=120053"}],"curies":[{"name":"wp","href":"https:\/\/api.w.org\/{rel}","templated":true}]}}