{"id":120050,"date":"2024-09-13T10:38:12","date_gmt":"2024-09-13T13:38:12","guid":{"rendered":"https:\/\/www.actualidadadiario.com\/?p=120050"},"modified":"2024-09-13T10:38:12","modified_gmt":"2024-09-13T13:38:12","slug":"el-circulo-rojo-presiona-al-pj-para-que-apoye-el-regimen-de-inversiones-de-javier-milei-y-frigerio","status":"publish","type":"post","link":"https:\/\/www.actualidadadiario.com\/index.php\/2024\/09\/13\/el-circulo-rojo-presiona-al-pj-para-que-apoye-el-regimen-de-inversiones-de-javier-milei-y-frigerio\/","title":{"rendered":"El C\u00edrculo Rojo presiona al PJ para que apoye el r\u00e9gimen de inversiones de Javier Milei y Frigerio"},"content":{"rendered":"<p style=\"text-align: center;\"><em><strong>La Uni\u00f3n Industrial y el Consejo Empresario salieron en t\u00e1ndem a bancar las iniciativas del presidente y el gobernador. El Senado define la semana que viene<\/strong><\/em><\/p>\n<p>&nbsp;<\/p>\n<p>&nbsp;<\/p>\n<p>El empresariado y los industriales de Entre R\u00edos entraron a la cancha de la pol\u00edtica para respaldar la decisi\u00f3n de Rogelio Frigerio de crear un r\u00e9gimen propio de beneficios fiscales y adherir al RIGI de Javier Milei. Ante el freno que la medida podr\u00eda encontrar en el Senado provincial, las entidades salieron a coro a bancar al gobernador.<\/p>\n<p>Primero fue la Uni\u00f3n Industrial de Entre R\u00edos (UIER) con un comunicado el mi\u00e9rcoles y luego se sum\u00f3, este jueves, el Consejo Empresario de Entre R\u00edos (CEER). En la misma sinton\u00eda, ambas organizaciones respaldaron la adhesi\u00f3n al RIGI y pidieron sobre todo por la creaci\u00f3n del RINI, el r\u00e9gimen de incentivos para inversiones m\u00e1s peque\u00f1as que pretende crear Frigerio.<\/p>\n<p>Ambas medidas fueron presentadas por el Ejecutivo en un mismo proyecto de Ley que logr\u00f3 la media sanci\u00f3n en Diputados solo con la mayor\u00eda autom\u00e1tica de la que gozan los oficialismos en esta provincia y sin el acompa\u00f1amiento del peronismo. El freno de mano podr\u00eda llegar en el Senado, donde el bloque opositor mostr\u00f3 se\u00f1ales de resistencia. La particularidad es que en esa C\u00e1mara el gobernador enfrenta a una mayor\u00eda peronista que mostr\u00f3 los dientes con un tema para el que ostenta respaldo nacional de sus pares de Uni\u00f3n por la Patria.<\/p>\n<p>&nbsp;<\/p>\n<p><strong>Qu\u00e9 le dijeron las entidades a Rogelio Frigerio<\/strong><\/p>\n<p>\u201cLa promoci\u00f3n de nuevas inversiones es un paso clave hacia la generaci\u00f3n de empleo, el impulso a la innovaci\u00f3n y la consolidaci\u00f3n de un entorno que permita a las empresas ser m\u00e1s competitivas. Consideramos que el RIGI es un est\u00edmulo para la llegada de capitales, en tanto que el RINI refuerza el compromiso de la provincia con generar condiciones m\u00e1s competitivas para nuestras industrias, enfocadas en trabajar en una producci\u00f3n sustentable y un desarrollo tecnol\u00f3gico, elementos esenciales para el futuro de estas\u201d, argument\u00f3 la UIER.<\/p>\n<p>Con menos de veinticuatro horas de diferencia, los empresarios sumaron su postura. &#8220;Consideramos que el RINI facilitar\u00e1 la entrada de nuevas inversiones, promoviendo un entorno favorable para el establecimiento de proyectos que generen empleo y dinamismo econ\u00f3mico&#8221;, sostuvieron desde el CEER. En cuanto al RIGI, valoraron que &#8220;permitir\u00e1 que Entre R\u00edos entre en consideraci\u00f3n para la radicaci\u00f3n de grandes inversiones que puedan llevarse a cabo en el pa\u00eds&#8221;.<\/p>\n<p>Tanto la UIER como el Consejo Empresario se mostraron sol\u00edcitos con Frigerio. Los industriales dijeron estar \u201ccomprometidos a colaborar estrechamente\u201d con su gobierno para \u201cmaximizar el impacto de todas las medidas que conduzcan a fortalecer a la industria, aportando nuestra experiencia y conocimiento del sector\u201d. Los empresarios, mediante una nota enviada a Casa Gris, ratificaron su apoyo \u201cal impulso de estos proyectos del gobierno provincial y a su implementaci\u00f3n&#8221;.<\/p>\n<p>&nbsp;<\/p>\n<p><strong>La relaci\u00f3n del frigerismo con el empresariado de Entre R\u00edos<\/strong><\/p>\n<p>La nota que la UIER envi\u00f3 a Frigerio fue firmada por su presidente Gabriel Bourdin y la secretaria Josefina Senger. La relaci\u00f3n del actual gobernador con el sector industrial fue siempre correcta, como la entidad suele comportarse con todos los oficialismos. Quienes siguen de cerca el v\u00ednculo explican que con la UIER la relaci\u00f3n es ambivalente porque al interior de la entidad hubo quienes jugaron fuerte en la campa\u00f1a de Frigerio y quienes apostaron, en cambio, a un gobierno de Sergio Massa.<\/p>\n<p>Con el Consejo Empresario el v\u00ednculo es sin dudas m\u00e1s estrecho porque la entidad est\u00e1, ideol\u00f3gicamente, m\u00e1s cerca del modelo m\u00e1s liberal que abraza el gobernador. De hecho, la expresidenta Noelia Zapata es ahora funcionaria de Frigerio y se desempe\u00f1a como secretaria de Energ\u00eda de la provincia.<\/p>\n<p>Como antecedente, el respaldo que ahora ambas muestran al RINI de Frigerio fue similar al soporte que brindaron durante la elaboraci\u00f3n de la Ley de Promoci\u00f3n Industrial que sancion\u00f3 el gobierno de Gustavo Bordet. Durante largos meses, la iniciativa fue trabajada en conjunto tanto con los empresarios como con los industriales particularmente.<\/p>\n<p>&nbsp;<\/p>\n<p><strong>El destino del RIGI de Javier Milei<\/strong><\/p>\n<p>La adhesi\u00f3n a la normativa nacional recorre un camino sinuoso en la Legislatura entrerriana. Consigui\u00f3 aprobaci\u00f3n en Diputados con el acompa\u00f1amiento de la mayor\u00eda autom\u00e1tica y sin el apoyo del peronismo y ahora enfrenta las discusiones en el Senado. Comenzar\u00e1 a tratarse en la Comisi\u00f3n de Presupuesto y Hacienda.<\/p>\n<p>En ese contexto, el bloque opositor de M\u00e1s para Entre R\u00edos advirti\u00f3 al principio de esta semana que ir\u00eda con un proyecto propio de ampliaci\u00f3n de beneficios y sectores contemplados en la Ley de promoci\u00f3n industrial vigente, lo que signific\u00f3 un mensaje para Frigerio: el RINI \u2013 que ir\u00eda en el mismo sentido- quedar\u00eda en suspenso.<\/p>\n<p>El destino del RIGI es tambi\u00e9n incierto porque la adhesi\u00f3n est\u00e1 atada al mismo proyecto que crea el RINI y tiene adem\u00e1s resistencias ideol\u00f3gicas por parte de la oposici\u00f3n por considerarlo abusivo y hasta, en alg\u00fan punto, dicen, \u201cinnecesario\u201d para una provincia como Entre R\u00edos.<\/p>\n","protected":false},"excerpt":{"rendered":"<p>La Uni\u00f3n Industrial y el Consejo Empresario salieron en t\u00e1ndem a bancar las iniciativas del presidente y el gobernador. El Senado define la semana que viene &nbsp; &nbsp; El empresariado y los industriales de Entre R\u00edos entraron a la cancha de la pol\u00edtica para respaldar la decisi\u00f3n de Rogelio Frigerio de crear un r\u00e9gimen propio de beneficios fiscales y adherir al RIGI de Javier Milei. Ante el freno que la medida podr\u00eda encontrar en el Senado provincial, las entidades salieron a coro a bancar al gobernador. Primero fue la Uni\u00f3n&#8230;<\/p>\n","protected":false},"author":3,"featured_media":120051,"comment_status":"closed","ping_status":"closed","sticky":false,"template":"","format":"standard","meta":[],"categories":[9],"tags":[],"_links":{"self":[{"href":"https:\/\/www.actualidadadiario.com\/index.php\/wp-json\/wp\/v2\/posts\/120050"}],"collection":[{"href":"https:\/\/www.actualidadadiario.com\/index.php\/wp-json\/wp\/v2\/posts"}],"about":[{"href":"https:\/\/www.actualidadadiario.com\/index.php\/wp-json\/wp\/v2\/types\/post"}],"author":[{"embeddable":true,"href":"https:\/\/www.actualidadadiario.com\/index.php\/wp-json\/wp\/v2\/users\/3"}],"replies":[{"embeddable":true,"href":"https:\/\/www.actualidadadiario.com\/index.php\/wp-json\/wp\/v2\/comments?post=120050"}],"version-history":[{"count":1,"href":"https:\/\/www.actualidadadiario.com\/index.php\/wp-json\/wp\/v2\/posts\/120050\/revisions"}],"predecessor-version":[{"id":120052,"href":"https:\/\/www.actualidadadiario.com\/index.php\/wp-json\/wp\/v2\/posts\/120050\/revisions\/120052"}],"wp:featuredmedia":[{"embeddable":true,"href":"https:\/\/www.actualidadadiario.com\/index.php\/wp-json\/wp\/v2\/media\/120051"}],"wp:attachment":[{"href":"https:\/\/www.actualidadadiario.com\/index.php\/wp-json\/wp\/v2\/media?parent=120050"}],"wp:term":[{"taxonomy":"category","embeddable":true,"href":"https:\/\/www.actualidadadiario.com\/index.php\/wp-json\/wp\/v2\/categories?post=120050"},{"taxonomy":"post_tag","embeddable":true,"href":"https:\/\/www.actualidadadiario.com\/index.php\/wp-json\/wp\/v2\/tags?post=120050"}],"curies":[{"name":"wp","href":"https:\/\/api.w.org\/{rel}","templated":true}]}}