{"id":120046,"date":"2024-09-12T16:05:37","date_gmt":"2024-09-12T19:05:37","guid":{"rendered":"https:\/\/www.actualidadadiario.com\/?p=120046"},"modified":"2024-09-12T16:05:37","modified_gmt":"2024-09-12T19:05:37","slug":"los-homenajes-oficiales-a-fujimori-remueven-el-dolor-por-sus-crimenes","status":"publish","type":"post","link":"https:\/\/www.actualidadadiario.com\/index.php\/2024\/09\/12\/los-homenajes-oficiales-a-fujimori-remueven-el-dolor-por-sus-crimenes\/","title":{"rendered":"Los homenajes oficiales a Fujimori remueven el dolor por sus cr\u00edmenes"},"content":{"rendered":"<p style=\"text-align: center;\"><em><strong>El gobierno de Per\u00fa declar\u00f3 tres d\u00edas de luto nacional y desat\u00f3 una ola de cr\u00edticas de v\u00edctimas y familiares<\/strong><\/em><\/p>\n<p>&nbsp;<\/p>\n<p>&nbsp;<\/p>\n<p>El gobierno de Dina Boluarte en Per\u00fa declar\u00f3 tres d\u00edas de luto nacional por la muerte del expresidente Alberto Fujimori, y desat\u00f3 una ola de cr\u00edticas de v\u00edctimas y familiares por los cr\u00edmenes de Estado cometidos durante su gobierno.<\/p>\n<p>La declaraci\u00f3n, que entra en vigor este mismo jueves y durar\u00e1 hasta el s\u00e1bado, fija adem\u00e1s los funerales por la muerte de la que ha sido una figura pol\u00edtica controvertida en Per\u00fa y garantizan las honras f\u00fanebres que corresponder\u00edan a un presidente en ejercicio.<\/p>\n<p>Adem\u00e1s, las banderas ondearan a media asta durante estos d\u00edas en todos los edificios p\u00fablicos, instalaciones e instituciones de \u00abtodo el territorio nacional\u00bb, as\u00ed como en las misiones diplom\u00e1ticas, consulares y representaciones permanentes de Per\u00fa en el exterior, tal y como ha indicado el Gobierno en un decreto.<\/p>\n<p>\u00abCabe precisar que esta medida fue refrendada por el presidente del Consejo de Ministros, el ministro de Exteriores y el ministro de Justicia y Derechos Humanos\u00bb, recoge el documento. Su hija, Keiko Fujimori, ha explicado que sus restos podr\u00e1n ser velados hasta el s\u00e1bado en el Museo de la Naci\u00f3n.<\/p>\n<p>\u00abMuere Fujimori, condenado por violaciones a DDHH y corrupci\u00f3n y un gobierno asesino como el de los 90 le rinde homenaje. Mensajes oficiales de pesar cuando para sus cr\u00edmenes hay impunidad. Queda tu memoria, mi hermano y todo el amor por el que seguimos luchando\u00bb, escribi\u00f3 Gisela Ortiz, familiar de una de las v\u00edctimas de secuestro y desaparici\u00f3n en el caso conocido como La Cantuta.<\/p>\n<p>\u00abMuri\u00f3 el dictador, asesino y corrupto de Alberto Fujimori. Se fue sin pagar un sol de reparaci\u00f3n civil, sin pedir perd\u00f3n y en libertad gracias a un indulto ilegal. Su legado de corrupci\u00f3n, violaciones de derechos humanos y autoritarismo no se borran con su muerte\u00bb, tuite\u00f3 la diputada del Bloque Democr\u00e1tico Popular, Sigrid Baz\u00e1n.<\/p>\n<p>La muerte de Fujimori supone el fin de los procesos en investigaci\u00f3n, juicio o extradici\u00f3n pendientes contra el s\u00e1trapa Alberto Fujimori, por cr\u00edmenes de corrupci\u00f3n y contra la humanidad, y deja pendiente la deuda por reparaci\u00f3n civil de alrededor de 57 millones de soles, relacionada con tres casos por los cuales fue condenado.<\/p>\n<p>Seg\u00fan la Procuradur\u00eda P\u00fablica Especializada en Delitos de Corrupci\u00f3n el exmandatario nunca cumpli\u00f3 con el pago de esa obligaci\u00f3n. En su momento, la instituci\u00f3n aclar\u00f3 que la elevada deuda incluye los intereses acumulados a lo largo de los a\u00f1os debido a la falta de pago de la reparaci\u00f3n civil en favor del Estado.<\/p>\n<p>El expresidente, que gobern\u00f3 Per\u00fa entre 1990 y 2000, realiz\u00f3 su \u00faltima aparici\u00f3n p\u00fablica fue el pasado 4 de septiembre, cuando sal\u00eda de la Cl\u00ednica Delgado, en Miraflores, a la que acudi\u00f3 junto a su hijo Kenji Fujimori para realizarse varios an\u00e1lisis de rutina.<\/p>\n<p>Fujimori fue extraditado y condenado en 2005 a 25 a\u00f1os de prisi\u00f3n por m\u00faltiples cargos, entre ellos malversaci\u00f3n de fondos y violaci\u00f3n de los Derechos Humanos por las matanzas de Barrios Altos y La Cantuta. No obstante, en diciembre de 2023 recibi\u00f3 un indulto concedido por razones humanitarias pese a las objeciones de la justicia interamericana.<\/p>\n<p>Despu\u00e9s de ser puesto en libertad, fue designado candidato presidencial para las elecciones de 2026 por el partido Fuerza Popular, fundado por su hija Keiko, quien en varias ocasiones se ha presentado sin \u00e9xito a las elecciones peruanas.<\/p>\n","protected":false},"excerpt":{"rendered":"<p>El gobierno de Per\u00fa declar\u00f3 tres d\u00edas de luto nacional y desat\u00f3 una ola de cr\u00edticas de v\u00edctimas y familiares &nbsp; &nbsp; El gobierno de Dina Boluarte en Per\u00fa declar\u00f3 tres d\u00edas de luto nacional por la muerte del expresidente Alberto Fujimori, y desat\u00f3 una ola de cr\u00edticas de v\u00edctimas y familiares por los cr\u00edmenes de Estado cometidos durante su gobierno. La declaraci\u00f3n, que entra en vigor este mismo jueves y durar\u00e1 hasta el s\u00e1bado, fija adem\u00e1s los funerales por la muerte de la que ha sido una figura pol\u00edtica&#8230;<\/p>\n","protected":false},"author":3,"featured_media":120047,"comment_status":"closed","ping_status":"closed","sticky":false,"template":"","format":"standard","meta":[],"categories":[4],"tags":[],"_links":{"self":[{"href":"https:\/\/www.actualidadadiario.com\/index.php\/wp-json\/wp\/v2\/posts\/120046"}],"collection":[{"href":"https:\/\/www.actualidadadiario.com\/index.php\/wp-json\/wp\/v2\/posts"}],"about":[{"href":"https:\/\/www.actualidadadiario.com\/index.php\/wp-json\/wp\/v2\/types\/post"}],"author":[{"embeddable":true,"href":"https:\/\/www.actualidadadiario.com\/index.php\/wp-json\/wp\/v2\/users\/3"}],"replies":[{"embeddable":true,"href":"https:\/\/www.actualidadadiario.com\/index.php\/wp-json\/wp\/v2\/comments?post=120046"}],"version-history":[{"count":1,"href":"https:\/\/www.actualidadadiario.com\/index.php\/wp-json\/wp\/v2\/posts\/120046\/revisions"}],"predecessor-version":[{"id":120048,"href":"https:\/\/www.actualidadadiario.com\/index.php\/wp-json\/wp\/v2\/posts\/120046\/revisions\/120048"}],"wp:featuredmedia":[{"embeddable":true,"href":"https:\/\/www.actualidadadiario.com\/index.php\/wp-json\/wp\/v2\/media\/120047"}],"wp:attachment":[{"href":"https:\/\/www.actualidadadiario.com\/index.php\/wp-json\/wp\/v2\/media?parent=120046"}],"wp:term":[{"taxonomy":"category","embeddable":true,"href":"https:\/\/www.actualidadadiario.com\/index.php\/wp-json\/wp\/v2\/categories?post=120046"},{"taxonomy":"post_tag","embeddable":true,"href":"https:\/\/www.actualidadadiario.com\/index.php\/wp-json\/wp\/v2\/tags?post=120046"}],"curies":[{"name":"wp","href":"https:\/\/api.w.org\/{rel}","templated":true}]}}