{"id":120031,"date":"2024-09-12T12:43:26","date_gmt":"2024-09-12T15:43:26","guid":{"rendered":"https:\/\/www.actualidadadiario.com\/?p=120031"},"modified":"2024-09-12T12:43:26","modified_gmt":"2024-09-12T15:43:26","slug":"bloques-de-la-oposicion-adelantaron-que-no-asistiran-a-la-presentacion-del-presupuesto-de-javier-milei-en-el-congreso","status":"publish","type":"post","link":"https:\/\/www.actualidadadiario.com\/index.php\/2024\/09\/12\/bloques-de-la-oposicion-adelantaron-que-no-asistiran-a-la-presentacion-del-presupuesto-de-javier-milei-en-el-congreso\/","title":{"rendered":"Bloques de la oposici\u00f3n adelantaron que no asistir\u00e1n a la presentaci\u00f3n del Presupuesto de Javier Milei en el Congreso"},"content":{"rendered":"<p style=\"text-align: center;\"><em><strong>Referentes de la oposici\u00f3n, del Senado y de Diputados, expresaron ante la prensa su faltazo al discurso presidencial. La exposici\u00f3n est\u00e1 programada para este domingo a las 21 en el recinto parlamentario<\/strong><\/em><\/p>\n<p>&nbsp;<\/p>\n<p>&nbsp;<\/p>\n<p>Legisladores de distintos bloques de la oposici\u00f3n anunciaron que no asistir\u00e1n al Congreso este domingo para la presentaci\u00f3n del Presupuesto 2025 encabezada por el presidente Javier Milei.<\/p>\n<p>Este martes, el propio Milei hizo referencia a su propio discurso que dar\u00e1 el pr\u00f3ximo domingo en la C\u00e1mara de Diputados y adelant\u00f3 que &#8220;marcar\u00e1 un antes y un despu\u00e9s en la historia econ\u00f3mica argentina&#8221;.<\/p>\n<p>A trav\u00e9s de su cuenta oficial en la plataforma X (ex Twitter), el mandatario libertario asegur\u00f3: &#8220;El domingo 15\/9 a las 21:00 hs presentar\u00e9 en el Congreso de la Naci\u00f3n Argentina el Presupuesto Nacional bajo la regla del D\u00c9FICIT CERO. Te invito a ser testigo de un hito hist\u00f3rico que marcar\u00e1 un antes y un despu\u00e9s en la historia econ\u00f3mica argentina. Viva La Libertad Carajo&#8221;.<\/p>\n<p>&nbsp;<\/p>\n<p><strong>Presupuesto 2025: las ausencias a la exposici\u00f3n de Javier Milei<\/strong><\/p>\n<p>Al igual que en la Asamblea Legislativa del 1 de marzo, el Presidente dar\u00e1 su discurso en la C\u00e1mara y utilizar\u00e1 el horario &#8220;prime time&#8221; del domingo.<\/p>\n<p>Legisladores como el jefe del bloque de Uni\u00f3n por la Patria (UP) en el Senado, Jos\u00e9 Mayans, e integrantes del bloque Encuentro Federal en Diputados ya decidieron su ausencia a la exposici\u00f3n del Jefe de Estado. Su par de Diputados, Germ\u00e1n Mart\u00ednez, le asegur\u00f3 a este medio que por estas horas se eval\u00faa la posibilidad de que \u00fanicamente asistan los integrantes de la comisi\u00f3n de Presupuesto pertenecientes al bloque.<\/p>\n<p>El diputado de Hacemos Coalici\u00f3n Federal, Nicol\u00e1s Massot, brind\u00f3 una entrevista radial y tambi\u00e9n confirm\u00f3 su &#8220;faltazo&#8221;. &#8220;La directriz de comportamiento de mucha gente en la pol\u00edtica ha comenzado a ser absolutamente superficial, desvinculada por completo de la realidad de lo que se est\u00e1 discutiendo. El Gobierno es profesional en eso&#8221;, se\u00f1al\u00f3 como cr\u00edtica al oficialismo en Radio Con Vos.<\/p>\n<p>&nbsp;<\/p>\n<p><strong>Presupuesto: c\u00f3mo ser\u00e1 la exposici\u00f3n en Diputados<\/strong><\/p>\n<p>Sin dar mayores detalles, Adorni confirm\u00f3 que Milei visitar\u00e1 nuevamente el Congreso. Su \u00faltima presencia en el recinto parlamentario tambi\u00e9n se dio en horario prime time, cuando asisti\u00f3 a la apertura de sesiones ordinarias de la Asamblea Legislativa el pasado 1 de marzo.<\/p>\n<p>El Presidente defender\u00e1 su presupuesto previsto para el a\u00f1o que viene ante el Congreso en la C\u00e1mara de Diputados. Al no ser una sesi\u00f3n oficial, a\u00fan no se conocen los nombres de los diputados que estar\u00e1n presentes durante la defensa del mandatario.<\/p>\n<p>Los miembros de la comisi\u00f3n de Presupuesto y Hacienda del Congreso, presidida por el diputado Jos\u00e9 Luis Espert, no ten\u00edan programada la citaci\u00f3n al Jefe de Estado y, por lo tanto, no estaba en los planes realizar las preguntas de rigor.<\/p>\n","protected":false},"excerpt":{"rendered":"<p>Referentes de la oposici\u00f3n, del Senado y de Diputados, expresaron ante la prensa su faltazo al discurso presidencial. La exposici\u00f3n est\u00e1 programada para este domingo a las 21 en el recinto parlamentario &nbsp; &nbsp; Legisladores de distintos bloques de la oposici\u00f3n anunciaron que no asistir\u00e1n al Congreso este domingo para la presentaci\u00f3n del Presupuesto 2025 encabezada por el presidente Javier Milei. Este martes, el propio Milei hizo referencia a su propio discurso que dar\u00e1 el pr\u00f3ximo domingo en la C\u00e1mara de Diputados y adelant\u00f3 que &#8220;marcar\u00e1 un antes y un&#8230;<\/p>\n","protected":false},"author":3,"featured_media":116458,"comment_status":"closed","ping_status":"closed","sticky":false,"template":"","format":"standard","meta":[],"categories":[18],"tags":[],"_links":{"self":[{"href":"https:\/\/www.actualidadadiario.com\/index.php\/wp-json\/wp\/v2\/posts\/120031"}],"collection":[{"href":"https:\/\/www.actualidadadiario.com\/index.php\/wp-json\/wp\/v2\/posts"}],"about":[{"href":"https:\/\/www.actualidadadiario.com\/index.php\/wp-json\/wp\/v2\/types\/post"}],"author":[{"embeddable":true,"href":"https:\/\/www.actualidadadiario.com\/index.php\/wp-json\/wp\/v2\/users\/3"}],"replies":[{"embeddable":true,"href":"https:\/\/www.actualidadadiario.com\/index.php\/wp-json\/wp\/v2\/comments?post=120031"}],"version-history":[{"count":1,"href":"https:\/\/www.actualidadadiario.com\/index.php\/wp-json\/wp\/v2\/posts\/120031\/revisions"}],"predecessor-version":[{"id":120032,"href":"https:\/\/www.actualidadadiario.com\/index.php\/wp-json\/wp\/v2\/posts\/120031\/revisions\/120032"}],"wp:featuredmedia":[{"embeddable":true,"href":"https:\/\/www.actualidadadiario.com\/index.php\/wp-json\/wp\/v2\/media\/116458"}],"wp:attachment":[{"href":"https:\/\/www.actualidadadiario.com\/index.php\/wp-json\/wp\/v2\/media?parent=120031"}],"wp:term":[{"taxonomy":"category","embeddable":true,"href":"https:\/\/www.actualidadadiario.com\/index.php\/wp-json\/wp\/v2\/categories?post=120031"},{"taxonomy":"post_tag","embeddable":true,"href":"https:\/\/www.actualidadadiario.com\/index.php\/wp-json\/wp\/v2\/tags?post=120031"}],"curies":[{"name":"wp","href":"https:\/\/api.w.org\/{rel}","templated":true}]}}