{"id":120027,"date":"2024-09-12T12:41:21","date_gmt":"2024-09-12T15:41:21","guid":{"rendered":"https:\/\/www.actualidadadiario.com\/?p=120027"},"modified":"2024-09-12T12:41:21","modified_gmt":"2024-09-12T15:41:21","slug":"milei-pospuso-la-reunion-de-gabinete-para-el-viernes-por-la-manana","status":"publish","type":"post","link":"https:\/\/www.actualidadadiario.com\/index.php\/2024\/09\/12\/milei-pospuso-la-reunion-de-gabinete-para-el-viernes-por-la-manana\/","title":{"rendered":"Milei pospuso la reuni\u00f3n de Gabinete para el viernes por la ma\u00f1ana"},"content":{"rendered":"<p style=\"text-align: center;\"><em><strong>Por incompatibilidades en la agenda de sus ministros, el mandatario encabezar\u00e1 la reuni\u00f3n de Gabinete este viernes a las 9<\/strong><\/em><\/p>\n<p>&nbsp;<\/p>\n<p>&nbsp;<\/p>\n<p>El presidente Javier Milei decidi\u00f3 posponer para el viernes la reuni\u00f3n ampliada de Gabinete que se realiza los jueves por incompatibilidades en la agenda de los ministros.<\/p>\n<p>De esta forma, el vocero presidencial, Manuel Adorni, anunci\u00f3 a trav\u00e9s de su canal de WhatsApp que se har\u00e1 ma\u00f1ana a las 9 de la ma\u00f1ana.<\/p>\n<p>En sus inicios, la reuni\u00f3n se realizaba martes y jueves, pero cuando Guillermo Francos asumi\u00f3 a la Jefatura resolvi\u00f3 mantenerla los martes. Hace algunas semanas, se reprogram\u00f3 para los jueves.<\/p>\n<p>El intercambio con todos los funcionarios se da a finales de semana, luego de la reuni\u00f3n reducida del equipo que se encabeza el mandatario todos martes. All\u00ed, la mesa pol\u00edtica debate bajo una \u00fanica premisa: \u201cNo se habla de nada de lo que pasa en la reuni\u00f3n\u201d.<\/p>\n<p>Forman parte del selecto grupo pol\u00edtico la secretaria General de la Presidencia, Karina Milei; el asesor presidencial, Santiago Caputo; el jefe de Gabinete, Guillermo Francos; la ministra de Seguridad, Patricia Bullrich; el titular de la C\u00e1mara de Diputados, Mart\u00edn Menem; y el vocero presidencial.<\/p>\n<p>Por los pasillos de Casa Rosada se\u00f1alan a la ministra de Capital Humano, Sandra Pettovello, y a la secretario de Prensa, Eduardo Serenellini, de filtrar informaci\u00f3n de los intercambios a la prensa, por lo que buscaron restringir los espacios. La buena voluntad de la primera y su di\u00e1logo con el expresidente Mauricio Macri enciende las alertas en algunos sectores libertarios que, a pesar del afecto que le profesa Milei, la miran con recelo.<\/p>\n<p>Tras protagonizar la reuni\u00f3n con sus principales colaboradores, el mandatario asistir\u00e1 a el viernes a las 16 a La Rural, a participar de Exposici\u00f3n del Centenario de la Asociaci\u00f3n Criadores de Hereford.<\/p>\n","protected":false},"excerpt":{"rendered":"<p>Por incompatibilidades en la agenda de sus ministros, el mandatario encabezar\u00e1 la reuni\u00f3n de Gabinete este viernes a las 9 &nbsp; &nbsp; El presidente Javier Milei decidi\u00f3 posponer para el viernes la reuni\u00f3n ampliada de Gabinete que se realiza los jueves por incompatibilidades en la agenda de los ministros. De esta forma, el vocero presidencial, Manuel Adorni, anunci\u00f3 a trav\u00e9s de su canal de WhatsApp que se har\u00e1 ma\u00f1ana a las 9 de la ma\u00f1ana. En sus inicios, la reuni\u00f3n se realizaba martes y jueves, pero cuando Guillermo Francos asumi\u00f3&#8230;<\/p>\n","protected":false},"author":3,"featured_media":118039,"comment_status":"closed","ping_status":"closed","sticky":false,"template":"","format":"standard","meta":[],"categories":[18],"tags":[],"_links":{"self":[{"href":"https:\/\/www.actualidadadiario.com\/index.php\/wp-json\/wp\/v2\/posts\/120027"}],"collection":[{"href":"https:\/\/www.actualidadadiario.com\/index.php\/wp-json\/wp\/v2\/posts"}],"about":[{"href":"https:\/\/www.actualidadadiario.com\/index.php\/wp-json\/wp\/v2\/types\/post"}],"author":[{"embeddable":true,"href":"https:\/\/www.actualidadadiario.com\/index.php\/wp-json\/wp\/v2\/users\/3"}],"replies":[{"embeddable":true,"href":"https:\/\/www.actualidadadiario.com\/index.php\/wp-json\/wp\/v2\/comments?post=120027"}],"version-history":[{"count":1,"href":"https:\/\/www.actualidadadiario.com\/index.php\/wp-json\/wp\/v2\/posts\/120027\/revisions"}],"predecessor-version":[{"id":120028,"href":"https:\/\/www.actualidadadiario.com\/index.php\/wp-json\/wp\/v2\/posts\/120027\/revisions\/120028"}],"wp:featuredmedia":[{"embeddable":true,"href":"https:\/\/www.actualidadadiario.com\/index.php\/wp-json\/wp\/v2\/media\/118039"}],"wp:attachment":[{"href":"https:\/\/www.actualidadadiario.com\/index.php\/wp-json\/wp\/v2\/media?parent=120027"}],"wp:term":[{"taxonomy":"category","embeddable":true,"href":"https:\/\/www.actualidadadiario.com\/index.php\/wp-json\/wp\/v2\/categories?post=120027"},{"taxonomy":"post_tag","embeddable":true,"href":"https:\/\/www.actualidadadiario.com\/index.php\/wp-json\/wp\/v2\/tags?post=120027"}],"curies":[{"name":"wp","href":"https:\/\/api.w.org\/{rel}","templated":true}]}}