{"id":120024,"date":"2024-09-12T12:40:44","date_gmt":"2024-09-12T15:40:44","guid":{"rendered":"https:\/\/www.actualidadadiario.com\/?p=120024"},"modified":"2024-09-12T12:40:44","modified_gmt":"2024-09-12T15:40:44","slug":"la-ucr-impulsa-la-suspension-de-los-diputados-que-votaron-a-favor-del-veto-a-las-jubilaciones","status":"publish","type":"post","link":"https:\/\/www.actualidadadiario.com\/index.php\/2024\/09\/12\/la-ucr-impulsa-la-suspension-de-los-diputados-que-votaron-a-favor-del-veto-a-las-jubilaciones\/","title":{"rendered":"La UCR impulsa la suspensi\u00f3n de los diputados que votaron a favor del veto a las jubilaciones"},"content":{"rendered":"<p style=\"text-align: center;\"><em><strong>As\u00ed lo inform\u00f3 el secretario general de la Convenci\u00f3n Nacional radical Hern\u00e1n Rossi. &#8221;Es necesario un replanteo y un reordenamiento del Bloque de Diputados de la UCR&#8221;, sostuvieron los legisladores<\/strong><\/em><\/p>\n<p>&nbsp;<\/p>\n<p>&nbsp;<\/p>\n<p>El secretario general de la Convenci\u00f3n Nacional de la UCR, Hern\u00e1n Rossi, adelant\u00f3 que impulsar\u00e1n la &#8221;suspensi\u00f3n preventiva&#8221; de los cinco diputados del bloque que votaron a favor del veto del presidente Javier Milei a la nueva reforma jubilatoria.<\/p>\n<p>&#8221;De acuerdo a los Art. 8, 29 y 53 de la Carta Org\u00e1nica de la Uni\u00f3n C\u00edvica Radical, vamos a impulsar la suspensi\u00f3n preventiva de la afiliaci\u00f3n de aquellos diputados que no apoyaron la decisi\u00f3n del partido de rechazar el veto presidencial a la Ley de Movilidad Jubilatoria, hasta tanto el Tribunal Nacional de \u00c9tica de la Uni\u00f3n C\u00edvica Radical juzgue su conducta&#8221;, inform\u00f3 Rossi en su cuenta de X.<\/p>\n<p>Y destac\u00f3: &#8220;En otro orden, es destacable la actitud de los legisladores que s\u00ed fueron org\u00e1nicos y coherentes con sus convicciones personales y las del partido&#8221;.<\/p>\n<p>Por otro lado, un grupo de diputados de la UCR le envi\u00f3 una carta al presidente del bloque, Rodrigo de Loredo, en la que remarcaron: &#8221;Es nuestro deber pol\u00edtico actuar con responsabilidad y firmeza en la defensa de las convicciones y valores, como lo hicimos en el pasado reciente contra el anterior oficialismo. Con la misma convicci\u00f3n debemos poner frenos a los desbordes del actual gobierno, sin perjuicio de acompa\u00f1ar las iniciativas que sirvan al inter\u00e9s nacional&#8221;.<\/p>\n<p>&#8221;Los\/las diputados y diputadas del bloque de la UNION CIVICA RADICAL expresamos nuestro malestar y repudio con la actitud adoptada por cinco diputados integrantes de nuestro bloque que rompieron un acuerdo un\u00e1nime y cambiaron su voto para acompa\u00f1ar el veto total del Gobierno a la Ley Previsional, causando as\u00ed un da\u00f1o sobre la credibilidad y \u00e9tica de sus posiciones del radicalismo frente a la ciudadan\u00eda&#8221;, sostuvieron.<\/p>\n<p>En ese sentido, se\u00f1alaron tras el acuerdo con Javier Milei que &#8221;estos hechos sumados a la sobreactuaci\u00f3n innecesaria de una foto con el Presidente de la Naci\u00f3n constituyen un claro mensaje pol\u00edtico de pertenencia al oficialismo, que resulta incompatible con la pertenencia al Bloque Radical que no integra el gobierno actual&#8221;. Asumimos la responsabilidad de asegurar el equilibrio fiscal en Argentina pero no con el sacrificio de los m\u00e1s d\u00e9biles como los jubilados&#8221;, agregaron.<\/p>\n<p>Adem\u00e1s, consideraron que es &#8221;necesario un replanteo y un reordenamiento del Bloque de Diputados de la UCR, dejando que quienes han elegido otro camino lo transiten, y reafirmando los valores de identidad de nuestro espacio pol\u00edtico&#8221;. &#8221;No nos resignamos a que la opci\u00f3n sea regresar al pasado, o adaptarnos a un presente que se construye con una pr\u00e1ctica autoritaria. Tenemos el deber de constituir una alternativa para el futuro y hacerlo rescatando los valores democr\u00e1ticos de la UCR: educaci\u00f3n, desarrollo, bienestar, equidad&#8221;, finalizaron.<\/p>\n<p>El documento lleva la firma de Facundo Manes; Manuel Ignacio Aguirre; Marcela Anotla; Fernando Carbajal; Ana Carla Carrizo; Mariela Coletta; Marcela Coli; Pablo Juliano; Juan Carlos Polini; Jorge Rizzotti y Danya Tavela.<\/p>\n","protected":false},"excerpt":{"rendered":"<p>As\u00ed lo inform\u00f3 el secretario general de la Convenci\u00f3n Nacional radical Hern\u00e1n Rossi. &#8221;Es necesario un replanteo y un reordenamiento del Bloque de Diputados de la UCR&#8221;, sostuvieron los legisladores &nbsp; &nbsp; El secretario general de la Convenci\u00f3n Nacional de la UCR, Hern\u00e1n Rossi, adelant\u00f3 que impulsar\u00e1n la &#8221;suspensi\u00f3n preventiva&#8221; de los cinco diputados del bloque que votaron a favor del veto del presidente Javier Milei a la nueva reforma jubilatoria. &#8221;De acuerdo a los Art. 8, 29 y 53 de la Carta Org\u00e1nica de la Uni\u00f3n C\u00edvica Radical, vamos&#8230;<\/p>\n","protected":false},"author":3,"featured_media":120025,"comment_status":"closed","ping_status":"closed","sticky":false,"template":"","format":"standard","meta":[],"categories":[18],"tags":[],"_links":{"self":[{"href":"https:\/\/www.actualidadadiario.com\/index.php\/wp-json\/wp\/v2\/posts\/120024"}],"collection":[{"href":"https:\/\/www.actualidadadiario.com\/index.php\/wp-json\/wp\/v2\/posts"}],"about":[{"href":"https:\/\/www.actualidadadiario.com\/index.php\/wp-json\/wp\/v2\/types\/post"}],"author":[{"embeddable":true,"href":"https:\/\/www.actualidadadiario.com\/index.php\/wp-json\/wp\/v2\/users\/3"}],"replies":[{"embeddable":true,"href":"https:\/\/www.actualidadadiario.com\/index.php\/wp-json\/wp\/v2\/comments?post=120024"}],"version-history":[{"count":1,"href":"https:\/\/www.actualidadadiario.com\/index.php\/wp-json\/wp\/v2\/posts\/120024\/revisions"}],"predecessor-version":[{"id":120026,"href":"https:\/\/www.actualidadadiario.com\/index.php\/wp-json\/wp\/v2\/posts\/120024\/revisions\/120026"}],"wp:featuredmedia":[{"embeddable":true,"href":"https:\/\/www.actualidadadiario.com\/index.php\/wp-json\/wp\/v2\/media\/120025"}],"wp:attachment":[{"href":"https:\/\/www.actualidadadiario.com\/index.php\/wp-json\/wp\/v2\/media?parent=120024"}],"wp:term":[{"taxonomy":"category","embeddable":true,"href":"https:\/\/www.actualidadadiario.com\/index.php\/wp-json\/wp\/v2\/categories?post=120024"},{"taxonomy":"post_tag","embeddable":true,"href":"https:\/\/www.actualidadadiario.com\/index.php\/wp-json\/wp\/v2\/tags?post=120024"}],"curies":[{"name":"wp","href":"https:\/\/api.w.org\/{rel}","templated":true}]}}