{"id":120021,"date":"2024-09-12T12:39:39","date_gmt":"2024-09-12T15:39:39","guid":{"rendered":"https:\/\/www.actualidadadiario.com\/?p=120021"},"modified":"2024-09-12T12:39:39","modified_gmt":"2024-09-12T15:39:39","slug":"en-medio-de-la-polemica-por-los-fondos-reservados-a-la-side-dos-directores-dejaran-de-ejercer-ad-honorem","status":"publish","type":"post","link":"https:\/\/www.actualidadadiario.com\/index.php\/2024\/09\/12\/en-medio-de-la-polemica-por-los-fondos-reservados-a-la-side-dos-directores-dejaran-de-ejercer-ad-honorem\/","title":{"rendered":"En medio de la pol\u00e9mica por los fondos reservados a la SIDE, dos directores dejar\u00e1n de ejercer ad honorem"},"content":{"rendered":"<p style=\"text-align: center;\"><em><strong>El decreto firmado por Javier Milei estableci\u00f3 que de Alejandro Walter Colombo, del Servicio de Inteligencia Argentino (SIA), y Alejandro Pablo Cecati, de la Agencia de Seguridad Nacional (ASN) pasar\u00e1n a cobrar sueldos<\/strong><\/em><\/p>\n<p>&nbsp;<\/p>\n<p>&nbsp;<\/p>\n<p>En medio del repudio a los fondos reservados de la SIDE, dos directores del organismo de inteligencia nacional dejar\u00e1n de ejercer su cargo ad honorem y pasar\u00e1n a cobrar un sueldo por su funci\u00f3n. Se trata de Alejandro Walter Colombo, quien se desempe\u00f1a al frente del Servicio de Inteligencia Argentino (SIA) y de Alejandro Pablo Cecati, al mando de la Agencia de Seguridad Nacional (ASN).<\/p>\n<p>La medida se dio a conocer este jueves a trav\u00e9s del Decreto 818\/2024 firmado por el presidente Javier Milei y publicado en el Bolet\u00edn Oficial. La resoluci\u00f3n sostiene: \u201cEstabl\u00e9cese que dejan de revestir car\u00e1cter ad honorem las designaciones del licenciado Alejandro Walter Colombo en el cargo de Director del Servicio de Inteligencia Argentino (SIA) y del Comisario General (R) Alejandro Pablo Cecati en el cargo de Director de la Agencia de Seguridad Nacional (ASN), ambos organismos desconcentrados de la Secretar\u00eda de Inteligencia de Estado de la Presidencia de la Naci\u00f3n\u201d.<\/p>\n<p>Ambos funcionarios hab\u00edan sido nombrados en sus cargos el pasado 15 de julio por la Oficina del Presidente. Adem\u00e1s del SIA y la ASN, se reglament\u00f3 la incorporaci\u00f3n de la Agencia Federal de Ciberseguridad (AFC) y la Divisi\u00f3n de Asuntos Internos (DAI).<\/p>\n<p>Colombo, director de la SIA, tuvo paso por la SIDE en la d\u00e9cada de 1990, durante el menemismo, como delegado en Madrid y Roma, y luego estuvo en las filas de Mauricio Macri -cuando era jefe de Gobierno de la ciudad de Buenos Aires- en el \u00e1rea de Relaciones Internacionales.<\/p>\n<p>Mientras que Cecati, de la ASN, es un comisario general retirado que se desempe\u00f1\u00f3 como jefe de custodia de Macri durante su presidencia y jefe de la Casa Militar. Adem\u00e1s, declar\u00f3 como testigo en la investigaci\u00f3n por espionaje ilegal en el caso ARA San Juan contra el expresidente.<\/p>\n","protected":false},"excerpt":{"rendered":"<p>El decreto firmado por Javier Milei estableci\u00f3 que de Alejandro Walter Colombo, del Servicio de Inteligencia Argentino (SIA), y Alejandro Pablo Cecati, de la Agencia de Seguridad Nacional (ASN) pasar\u00e1n a cobrar sueldos &nbsp; &nbsp; En medio del repudio a los fondos reservados de la SIDE, dos directores del organismo de inteligencia nacional dejar\u00e1n de ejercer su cargo ad honorem y pasar\u00e1n a cobrar un sueldo por su funci\u00f3n. Se trata de Alejandro Walter Colombo, quien se desempe\u00f1a al frente del Servicio de Inteligencia Argentino (SIA) y de Alejandro Pablo&#8230;<\/p>\n","protected":false},"author":3,"featured_media":120022,"comment_status":"closed","ping_status":"closed","sticky":false,"template":"","format":"standard","meta":[],"categories":[18],"tags":[],"_links":{"self":[{"href":"https:\/\/www.actualidadadiario.com\/index.php\/wp-json\/wp\/v2\/posts\/120021"}],"collection":[{"href":"https:\/\/www.actualidadadiario.com\/index.php\/wp-json\/wp\/v2\/posts"}],"about":[{"href":"https:\/\/www.actualidadadiario.com\/index.php\/wp-json\/wp\/v2\/types\/post"}],"author":[{"embeddable":true,"href":"https:\/\/www.actualidadadiario.com\/index.php\/wp-json\/wp\/v2\/users\/3"}],"replies":[{"embeddable":true,"href":"https:\/\/www.actualidadadiario.com\/index.php\/wp-json\/wp\/v2\/comments?post=120021"}],"version-history":[{"count":1,"href":"https:\/\/www.actualidadadiario.com\/index.php\/wp-json\/wp\/v2\/posts\/120021\/revisions"}],"predecessor-version":[{"id":120023,"href":"https:\/\/www.actualidadadiario.com\/index.php\/wp-json\/wp\/v2\/posts\/120021\/revisions\/120023"}],"wp:featuredmedia":[{"embeddable":true,"href":"https:\/\/www.actualidadadiario.com\/index.php\/wp-json\/wp\/v2\/media\/120022"}],"wp:attachment":[{"href":"https:\/\/www.actualidadadiario.com\/index.php\/wp-json\/wp\/v2\/media?parent=120021"}],"wp:term":[{"taxonomy":"category","embeddable":true,"href":"https:\/\/www.actualidadadiario.com\/index.php\/wp-json\/wp\/v2\/categories?post=120021"},{"taxonomy":"post_tag","embeddable":true,"href":"https:\/\/www.actualidadadiario.com\/index.php\/wp-json\/wp\/v2\/tags?post=120021"}],"curies":[{"name":"wp","href":"https:\/\/api.w.org\/{rel}","templated":true}]}}